{"id":81356,"date":"2026-03-11T00:01:47","date_gmt":"2026-03-11T06:01:47","guid":{"rendered":"https:\/\/politicosaldesnudo.com.mx\/?p=81356"},"modified":"2026-03-10T22:23:32","modified_gmt":"2026-03-11T04:23:32","slug":"regidor-gonzalo-monroy-impulsa-jornada-de-salud-visual-y-rehabilitacion-de-espacios-municipales","status":"publish","type":"post","link":"https:\/\/politicosaldesnudo.com.mx\/index.php\/2026\/03\/11\/regidor-gonzalo-monroy-impulsa-jornada-de-salud-visual-y-rehabilitacion-de-espacios-municipales\/","title":{"rendered":"Regidor Gonzalo Monroy impulsa jornada de salud visual y rehabilitaci\u00f3n de espacios municipales"},"content":{"rendered":"<p>En un esfuerzo por fortalecer el bienestar social y la econom\u00eda de las familias locales, el regidor sexto, Gonzalo Monroy, puso en marcha una importante campa\u00f1a de salud visual.<\/p>\n<p>Esta iniciativa, que forma parte integral de sus comisiones de salud, ofrece a la ciudadan\u00eda ex\u00e1menes de la vista completamente gratuitos, adem\u00e1s de la posibilidad de adquirir lentes graduados a precios de bajo costo.<\/p>\n<p>Durante el arranque de la jornada, el edil destac\u00f3 que el objetivo principal es garantizar que los sectores m\u00e1s vulnerables tengan acceso a servicios m\u00e9dicos preventivos sin que esto represente un golpe dr\u00e1stico a su bolsillo.<\/p>\n<p>\u00abLa salud visual es fundamental para el desarrollo diario de nuestras actividades, y con estos apoyos buscamos que nadie se quede sin la oportunidad de mejorar su calidad de vida\u00bb, se\u00f1al\u00f3 Monroy.<\/p>\n<p>Paralelo a estas acciones en materia de salud, el funcionario inform\u00f3 que mantiene una agenda de trabajo constante en el resto de sus \u00e1reas asignadas.<\/p>\n<p>En este sentido, destac\u00f3 los avances en la comisi\u00f3n de rastro municipal, donde se ha dado inicio a las labores de pintura y rehabilitaci\u00f3n integral del inmueble.<\/p>\n<p>Estas mejoras de infraestructura buscan optimizar las condiciones de higiene y operatividad de la unidad, asegurando un servicio digno y eficiente para el municipio.<\/p>\n<p>Con estas acciones, el regidor sexto reafirma su compromiso de trabajar de manera integral, atendiendo tanto la salud p\u00fablica como el mantenimiento de los espacios que brindan servicio a la comunidad Tuxpe\u00f1a.<\/p>\n","protected":false},"excerpt":{"rendered":"<p>En un esfuerzo por fortalecer el bienestar social y la econom\u00eda de las familias locales, el regidor sexto, Gonzalo Monroy,<\/p>\n","protected":false},"author":4,"featured_media":81357,"comment_status":"closed","ping_status":"closed","sticky":false,"template":"","format":"standard","meta":{"colormag_page_container_layout":"default_layout","colormag_page_sidebar_layout":"default_layout","_jetpack_memberships_contains_paid_content":false,"footnotes":"","jetpack_publicize_message":"","jetpack_publicize_feature_enabled":true,"jetpack_social_post_already_shared":true,"jetpack_social_options":{"image_generator_settings":{"template":"highway","default_image_id":0,"font":"","enabled":false},"version":2}},"categories":[1082],"tags":[],"class_list":["post-81356","post","type-post","status-publish","format-standard","has-post-thumbnail","hentry","category-tuxpan"],"jetpack_publicize_connections":[],"jetpack_featured_media_url":"https:\/\/i0.wp.com\/politicosaldesnudo.com.mx\/wp-content\/uploads\/2026\/03\/WhatsApp-Image-2026-03-10-at-17.24.33-1.jpg?fit=1600%2C900&ssl=1","jetpack-related-posts":[],"jetpack_sharing_enabled":true,"_links":{"self":[{"href":"https:\/\/politicosaldesnudo.com.mx\/index.php\/wp-json\/wp\/v2\/posts\/81356","targetHints":{"allow":["GET"]}}],"collection":[{"href":"https:\/\/politicosaldesnudo.com.mx\/index.php\/wp-json\/wp\/v2\/posts"}],"about":[{"href":"https:\/\/politicosaldesnudo.com.mx\/index.php\/wp-json\/wp\/v2\/types\/post"}],"author":[{"embeddable":true,"href":"https:\/\/politicosaldesnudo.com.mx\/index.php\/wp-json\/wp\/v2\/users\/4"}],"replies":[{"embeddable":true,"href":"https:\/\/politicosaldesnudo.com.mx\/index.php\/wp-json\/wp\/v2\/comments?post=81356"}],"version-history":[{"count":0,"href":"https:\/\/politicosaldesnudo.com.mx\/index.php\/wp-json\/wp\/v2\/posts\/81356\/revisions"}],"wp:featuredmedia":[{"embeddable":true,"href":"https:\/\/politicosaldesnudo.com.mx\/index.php\/wp-json\/wp\/v2\/media\/81357"}],"wp:attachment":[{"href":"https:\/\/politicosaldesnudo.com.mx\/index.php\/wp-json\/wp\/v2\/media?parent=81356"}],"wp:term":[{"taxonomy":"category","embeddable":true,"href":"https:\/\/politicosaldesnudo.com.mx\/index.php\/wp-json\/wp\/v2\/categories?post=81356"},{"taxonomy":"post_tag","embeddable":true,"href":"https:\/\/politicosaldesnudo.com.mx\/index.php\/wp-json\/wp\/v2\/tags?post=81356"}],"curies":[{"name":"wp","href":"https:\/\/api.w.org\/{rel}","templated":true}]}}