{"id":81359,"date":"2026-03-11T00:02:15","date_gmt":"2026-03-11T06:02:15","guid":{"rendered":"https:\/\/politicosaldesnudo.com.mx\/?p=81359"},"modified":"2026-03-10T22:24:49","modified_gmt":"2026-03-11T04:24:49","slug":"maryanela-monroy-flores-fortalece-el-empoderamiento-economico-de-las-mujeres-tuxpenas","status":"publish","type":"post","link":"https:\/\/politicosaldesnudo.com.mx\/index.php\/2026\/03\/11\/maryanela-monroy-flores-fortalece-el-empoderamiento-economico-de-las-mujeres-tuxpenas\/","title":{"rendered":"Maryanela Monroy Flores fortalece el empoderamiento econ\u00f3mico de las mujeres Tuxpe\u00f1as"},"content":{"rendered":"<p>Con un compromiso que suma ya 14 a\u00f1os de labor ininterrumpida, tanto desde la funci\u00f3n p\u00fablica como desde la sociedad civil, la ex regidora Maryanela Monroy Flores contin\u00faa consolid\u00e1ndose como un pilar de apoyo para las mujeres de este puerto a trav\u00e9s de una agenda permanente de capacitaci\u00f3n y gesti\u00f3n de espacios.<\/p>\n<p>Fiel a su trayectoria de trabajo cercano, Monroy Flores ha mantenido una oferta constante de talleres, cursos, pl\u00e1ticas y asesor\u00edas integrales dise\u00f1adas para brindar herramientas de crecimiento personal y profesional a las ciudadanas.<\/p>\n<p>Una de sus vertientes m\u00e1s destacadas ha sido la promoci\u00f3n de espacios de venta estrat\u00e9gicos, permitiendo que las artesanas locales expongan sus productos al p\u00fablico, visibilizando su talento y generando canales directos de comercializaci\u00f3n para su arte.<\/p>\n<p>En el marco de las conmemoraciones por el D\u00eda Internacional de la Mujer, este lunes 9 de marzo se llev\u00f3 a cabo un taller gratuito de bordado impulsado por la ex funcionaria. La actividad registr\u00f3 una nutrida asistencia de mujeres interesadas en aprender esta t\u00e9cnica tradicional, con el objetivo claro de fomentar el emprendimiento.<\/p>\n<p>De acuerdo con la entrevistada, estas iniciativas buscan que las participantes no solo dominen un oficio, sino que cuenten con la capacidad de generar recursos propios que contribuyan al sustento y bienestar de sus familias.<\/p>\n","protected":false},"excerpt":{"rendered":"<p>Con un compromiso que suma ya 14 a\u00f1os de labor ininterrumpida, tanto desde la funci\u00f3n p\u00fablica como desde la sociedad<\/p>\n","protected":false},"author":4,"featured_media":81360,"comment_status":"closed","ping_status":"closed","sticky":false,"template":"","format":"standard","meta":{"colormag_page_container_layout":"default_layout","colormag_page_sidebar_layout":"default_layout","_jetpack_memberships_contains_paid_content":false,"footnotes":"","jetpack_publicize_message":"","jetpack_publicize_feature_enabled":true,"jetpack_social_post_already_shared":true,"jetpack_social_options":{"image_generator_settings":{"template":"highway","default_image_id":0,"font":"","enabled":false},"version":2}},"categories":[1082],"tags":[],"class_list":["post-81359","post","type-post","status-publish","format-standard","has-post-thumbnail","hentry","category-tuxpan"],"jetpack_publicize_connections":[],"jetpack_featured_media_url":"https:\/\/i0.wp.com\/politicosaldesnudo.com.mx\/wp-content\/uploads\/2026\/03\/WhatsApp-Image-2026-03-10-at-11.10.25.jpg?fit=1600%2C900&ssl=1","jetpack-related-posts":[],"jetpack_sharing_enabled":true,"_links":{"self":[{"href":"https:\/\/politicosaldesnudo.com.mx\/index.php\/wp-json\/wp\/v2\/posts\/81359","targetHints":{"allow":["GET"]}}],"collection":[{"href":"https:\/\/politicosaldesnudo.com.mx\/index.php\/wp-json\/wp\/v2\/posts"}],"about":[{"href":"https:\/\/politicosaldesnudo.com.mx\/index.php\/wp-json\/wp\/v2\/types\/post"}],"author":[{"embeddable":true,"href":"https:\/\/politicosaldesnudo.com.mx\/index.php\/wp-json\/wp\/v2\/users\/4"}],"replies":[{"embeddable":true,"href":"https:\/\/politicosaldesnudo.com.mx\/index.php\/wp-json\/wp\/v2\/comments?post=81359"}],"version-history":[{"count":0,"href":"https:\/\/politicosaldesnudo.com.mx\/index.php\/wp-json\/wp\/v2\/posts\/81359\/revisions"}],"wp:featuredmedia":[{"embeddable":true,"href":"https:\/\/politicosaldesnudo.com.mx\/index.php\/wp-json\/wp\/v2\/media\/81360"}],"wp:attachment":[{"href":"https:\/\/politicosaldesnudo.com.mx\/index.php\/wp-json\/wp\/v2\/media?parent=81359"}],"wp:term":[{"taxonomy":"category","embeddable":true,"href":"https:\/\/politicosaldesnudo.com.mx\/index.php\/wp-json\/wp\/v2\/categories?post=81359"},{"taxonomy":"post_tag","embeddable":true,"href":"https:\/\/politicosaldesnudo.com.mx\/index.php\/wp-json\/wp\/v2\/tags?post=81359"}],"curies":[{"name":"wp","href":"https:\/\/api.w.org\/{rel}","templated":true}]}}