{"id":81365,"date":"2026-03-11T00:04:49","date_gmt":"2026-03-11T06:04:49","guid":{"rendered":"https:\/\/politicosaldesnudo.com.mx\/?p=81365"},"modified":"2026-03-10T22:27:24","modified_gmt":"2026-03-11T04:27:24","slug":"arranca-en-tuxpan-la-colecta-anual-2026-de-la-cruz-roja-mexicana","status":"publish","type":"post","link":"https:\/\/politicosaldesnudo.com.mx\/index.php\/2026\/03\/11\/arranca-en-tuxpan-la-colecta-anual-2026-de-la-cruz-roja-mexicana\/","title":{"rendered":"Arranca en Tuxpan la Colecta Anual 2026 de la Cruz Roja Mexicana"},"content":{"rendered":"<p>Dio inicio en Tuxpan la Colecta Anual 2026 de la Cruz Roja Mexicana, una instituci\u00f3n que, a trav\u00e9s del trabajo solidario y voluntario, brinda auxilio y esperanza a quienes m\u00e1s lo necesitan. Este acto representa el compromiso de la sociedad tuxpe\u00f1a con una noble causa que salva vidas y fortalece los valores de solidaridad y servicio.<\/p>\n<p>El arranque oficial fue encabezado por el alcalde Daniel Cortina Mart\u00ednez y el Dr. Miguel Alc\u00e1ntar Rodr\u00edguez, presidente del Consejo Directivo de la Cruz Roja Mexicana Delegaci\u00f3n Tuxpan. En el evento tambi\u00e9n estuvieron presentes mandos y representantes de la Marina Armada de M\u00e9xico, a trav\u00e9s de la Comandancia de la Fuerza Naval del Golfo y del Sector Naval.<\/p>\n<p>Asimismo, se cont\u00f3 con la representaci\u00f3n institucional de la D\u00e9cima Novena Zona Militar y del 39 Batall\u00f3n de Infanter\u00eda, quienes acompa\u00f1aron este importante acto que convoca a la sociedad a sumarse a una causa de alto valor humanitario.<\/p>\n<p>Durante la ceremonia, el cuerpo de param\u00e9dicos y socorristas de la instituci\u00f3n realiz\u00f3 un simulacro de atenci\u00f3n prehospitalaria, narrado por el Coordinador Local de Socorros, TUM Jorge Machuca P\u00e9rez, quien mostr\u00f3 parte del importante trabajo que realiza el personal de Cruz Roja en situaciones de emergencia.<\/p>\n<p>Durante el mes de marzo, el voluntariado llevar\u00e1 a cabo esta colecta con el objetivo de reunir recursos que permitan fortalecer los servicios de emergencia y atenci\u00f3n que brinda la instituci\u00f3n.<\/p>\n<p>En su mensaje, el alcalde destac\u00f3 que desde el Gobierno Municipal se reconoce profundamente la labor que realizan todos los d\u00edas las y los voluntarios de la Cruz Roja. \u201cSu trabajo habla de vocaci\u00f3n, de entrega y de un profundo sentido humano\u201d, expres\u00f3, al tiempo que hizo un llamado a la ciudadan\u00eda de Tuxpan para sumarse y participar en esta colecta.<\/p>\n<p>La colecta se desarrollar\u00e1 a lo largo del mes de marzo, periodo en el que se prev\u00e9 la participaci\u00f3n activa de dependencias p\u00fablicas, instituciones educativas, organizaciones y ciudadan\u00eda en general, con el prop\u00f3sito de contribuir a esta causa solidaria mediante sus aportaciones y fortalecer as\u00ed la capacidad de respuesta de la Cruz Roja en Tuxpan.<\/p>\n","protected":false},"excerpt":{"rendered":"<p>Dio inicio en Tuxpan la Colecta Anual 2026 de la Cruz Roja Mexicana, una instituci\u00f3n que, a trav\u00e9s del trabajo<\/p>\n","protected":false},"author":4,"featured_media":81366,"comment_status":"closed","ping_status":"closed","sticky":false,"template":"","format":"standard","meta":{"colormag_page_container_layout":"default_layout","colormag_page_sidebar_layout":"default_layout","_jetpack_memberships_contains_paid_content":false,"footnotes":"","jetpack_publicize_message":"","jetpack_publicize_feature_enabled":true,"jetpack_social_post_already_shared":true,"jetpack_social_options":{"image_generator_settings":{"template":"highway","default_image_id":0,"font":"","enabled":false},"version":2}},"categories":[1082],"tags":[],"class_list":["post-81365","post","type-post","status-publish","format-standard","has-post-thumbnail","hentry","category-tuxpan"],"jetpack_publicize_connections":[],"jetpack_featured_media_url":"https:\/\/i0.wp.com\/politicosaldesnudo.com.mx\/wp-content\/uploads\/2026\/03\/WhatsApp-Image-2026-03-10-at-15.10.57.jpeg?fit=1600%2C1068&ssl=1","jetpack-related-posts":[],"jetpack_sharing_enabled":true,"_links":{"self":[{"href":"https:\/\/politicosaldesnudo.com.mx\/index.php\/wp-json\/wp\/v2\/posts\/81365","targetHints":{"allow":["GET"]}}],"collection":[{"href":"https:\/\/politicosaldesnudo.com.mx\/index.php\/wp-json\/wp\/v2\/posts"}],"about":[{"href":"https:\/\/politicosaldesnudo.com.mx\/index.php\/wp-json\/wp\/v2\/types\/post"}],"author":[{"embeddable":true,"href":"https:\/\/politicosaldesnudo.com.mx\/index.php\/wp-json\/wp\/v2\/users\/4"}],"replies":[{"embeddable":true,"href":"https:\/\/politicosaldesnudo.com.mx\/index.php\/wp-json\/wp\/v2\/comments?post=81365"}],"version-history":[{"count":0,"href":"https:\/\/politicosaldesnudo.com.mx\/index.php\/wp-json\/wp\/v2\/posts\/81365\/revisions"}],"wp:featuredmedia":[{"embeddable":true,"href":"https:\/\/politicosaldesnudo.com.mx\/index.php\/wp-json\/wp\/v2\/media\/81366"}],"wp:attachment":[{"href":"https:\/\/politicosaldesnudo.com.mx\/index.php\/wp-json\/wp\/v2\/media?parent=81365"}],"wp:term":[{"taxonomy":"category","embeddable":true,"href":"https:\/\/politicosaldesnudo.com.mx\/index.php\/wp-json\/wp\/v2\/categories?post=81365"},{"taxonomy":"post_tag","embeddable":true,"href":"https:\/\/politicosaldesnudo.com.mx\/index.php\/wp-json\/wp\/v2\/tags?post=81365"}],"curies":[{"name":"wp","href":"https:\/\/api.w.org\/{rel}","templated":true}]}}