{"id":81368,"date":"2026-03-11T00:05:19","date_gmt":"2026-03-11T06:05:19","guid":{"rendered":"https:\/\/politicosaldesnudo.com.mx\/?p=81368"},"modified":"2026-03-10T22:57:26","modified_gmt":"2026-03-11T04:57:26","slug":"tras-lograr-la-paridad-el-reto-es-no-decepcionar-en-los-cargos-publicos-tepjf","status":"publish","type":"post","link":"https:\/\/politicosaldesnudo.com.mx\/index.php\/2026\/03\/11\/tras-lograr-la-paridad-el-reto-es-no-decepcionar-en-los-cargos-publicos-tepjf\/","title":{"rendered":"Tras lograr la paridad, el reto es no decepcionar en los cargos p\u00fablicos: TEPJF"},"content":{"rendered":"<p>Despu\u00e9s de lograr la paridad en distintos \u00e1mbitos de la vida p\u00fablica de M\u00e9xico, ahora toca \u201cno decepcionar\u201d en el desempe\u00f1o de los cargos, dijo M\u00f3nica Soto, magistrada del Tribunal Electoral del Poder Judicial de la Federaci\u00f3n (TEPJF).<\/p>\n<p>Nuestro pa\u00eds, a\u00f1adi\u00f3, es de vanguardia en cuanto a la participaci\u00f3n pol\u00edtica efectiva de las mujeres e incluso ahora se mide la paridad sustantiva.<\/p>\n<p>Durante el acto conmemorativo por el D\u00eda Internacional de las Mujeres y de las mujeres juzgadoras, se\u00f1al\u00f3 que antes bastaba con decir \u2018con que lleguen las mujeres\u2019, y logar un objetivo num\u00e9rico, pero hoy, ya con el 50\/50 en distintos \u00e1mbitos la exigencia es m\u00e1s cualitativa en el desempe\u00f1o.<\/p>\n<p>\u201cSi bien los cargos p\u00fablicos han sido ganados por la lucha de tantas mujeres que nos han precedido, pues tampoco es que podamos llegar a decepcionar respecto de lo que es esta lucha misma y tenemos que estar ah\u00ed honrando el pasado y tambi\u00e9n eliminando las piedritas en el camino para la generaci\u00f3n de remplazo\u201d, se\u00f1al\u00f3 Soto.<\/p>\n<p>Puso como ejemplo la reforma judicial, la cual \u201cnaci\u00f3 paritaria\u201d, y aunque a veces pareciera que se dan pasos hacia atr\u00e1s, es justo reconocer los avances para las mujeres porque ahora la pregunta ya no es si est\u00e1 preparado M\u00e9xico para que una mujer nos gobierne o sean presidentas de altas instancias.<\/p>\n<p>\u201cLa respuesta es s\u00ed, M\u00e9xico est\u00e1 preparado para que cualquier mujer pueda ejercer\u201d cualquier cargo p\u00fablico\u201d, agreg\u00f3.<\/p>\n<p>La magistrada habl\u00f3 en la misma mesa que otras juzgadoras, como Eva Ver\u00f3nia de Gyv\u00e9s Z\u00e1rate y Catalina Ram\u00edrez, integrantes de los \u00f3rganos de disciplina y administrativo del Poder Judicial de la Federaci\u00f3n, respectivamente, y de su colega de la Sala Superior, Claudia Valle.<\/p>\n<p>De Gyv\u00e9s coincidi\u00f3 en que ya no basta \u201ccon que las mujeres lleguemos a los espacios de poder. El verdadero desaf\u00edo es demostrar con resultados que nuestra participaci\u00f3n fortalece la democracia, mejora las instituciones y ampl\u00eda el horizonte de la justicia\u201d.<\/p>\n<p>Las mujeres que hoy ocupamos responsponsabilidades p\u00fablicas, indic\u00f3, sabemos que estos espacios no son privilegios, sino espacios de enorme exigencia, verdaderas cajas de cristal: la sociedad observa nuestras decisiones, aciertos y errores.<\/p>\n<p>\u201cEn el caso del Poder Judicial la responsabilidad todav\u00eda es mayor; el nuevo poder judicial debe responder con independencia, integridad y con profunda vocaci\u00f3n de justicia. La sociedad observar\u00e1 sus resultados en los a\u00f1os por venir\u201d, consider\u00f3.<\/p>\n<p>En el p\u00e1nel \u201cMujeres, elecci\u00f3n judicial y perspectiva de g\u00e9nero\u201d, la magistrada Valle dijo que la conversaci\u00f3n que hoy se exige es el alcance de la justicia para todas las mujeres en trabajo, dinero, seguridad, familia, propiedad, movilidad, negocios y jubilaci\u00f3n.<\/p>\n<p>\u201cLa estad\u00edstica te dice que el 64 por ciento de los derechos humanos que se ejercen en estos espacios no est\u00e1 garantizado para todas las mujeres&#8230;En siete de 10 pa\u00edses las mujeres enfrentan m\u00e1s dificultades para acceder a la justicia, incluso existiendo protecciones en el marco normativo\u201d, se\u00f1al\u00f3.<\/p>\n<p>Por tanto, la distancia de lo que se\u00f1ala la ley y lo que se vive es lo que nos debe ocupar.<\/p>\n","protected":false},"excerpt":{"rendered":"<p>Despu\u00e9s de lograr la paridad en distintos \u00e1mbitos de la vida p\u00fablica de M\u00e9xico, ahora toca \u201cno decepcionar\u201d en el<\/p>\n","protected":false},"author":4,"featured_media":81369,"comment_status":"closed","ping_status":"closed","sticky":false,"template":"","format":"standard","meta":{"colormag_page_container_layout":"default_layout","colormag_page_sidebar_layout":"default_layout","_jetpack_memberships_contains_paid_content":false,"footnotes":"","jetpack_publicize_message":"","jetpack_publicize_feature_enabled":true,"jetpack_social_post_already_shared":true,"jetpack_social_options":{"image_generator_settings":{"template":"highway","default_image_id":0,"font":"","enabled":false},"version":2}},"categories":[33],"tags":[],"class_list":["post-81368","post","type-post","status-publish","format-standard","has-post-thumbnail","hentry","category-nacional"],"jetpack_publicize_connections":[],"jetpack_featured_media_url":"https:\/\/i0.wp.com\/politicosaldesnudo.com.mx\/wp-content\/uploads\/2026\/03\/lamo.jpg?fit=1200%2C843&ssl=1","jetpack-related-posts":[],"jetpack_sharing_enabled":true,"_links":{"self":[{"href":"https:\/\/politicosaldesnudo.com.mx\/index.php\/wp-json\/wp\/v2\/posts\/81368","targetHints":{"allow":["GET"]}}],"collection":[{"href":"https:\/\/politicosaldesnudo.com.mx\/index.php\/wp-json\/wp\/v2\/posts"}],"about":[{"href":"https:\/\/politicosaldesnudo.com.mx\/index.php\/wp-json\/wp\/v2\/types\/post"}],"author":[{"embeddable":true,"href":"https:\/\/politicosaldesnudo.com.mx\/index.php\/wp-json\/wp\/v2\/users\/4"}],"replies":[{"embeddable":true,"href":"https:\/\/politicosaldesnudo.com.mx\/index.php\/wp-json\/wp\/v2\/comments?post=81368"}],"version-history":[{"count":0,"href":"https:\/\/politicosaldesnudo.com.mx\/index.php\/wp-json\/wp\/v2\/posts\/81368\/revisions"}],"wp:featuredmedia":[{"embeddable":true,"href":"https:\/\/politicosaldesnudo.com.mx\/index.php\/wp-json\/wp\/v2\/media\/81369"}],"wp:attachment":[{"href":"https:\/\/politicosaldesnudo.com.mx\/index.php\/wp-json\/wp\/v2\/media?parent=81368"}],"wp:term":[{"taxonomy":"category","embeddable":true,"href":"https:\/\/politicosaldesnudo.com.mx\/index.php\/wp-json\/wp\/v2\/categories?post=81368"},{"taxonomy":"post_tag","embeddable":true,"href":"https:\/\/politicosaldesnudo.com.mx\/index.php\/wp-json\/wp\/v2\/tags?post=81368"}],"curies":[{"name":"wp","href":"https:\/\/api.w.org\/{rel}","templated":true}]}}