{"id":81371,"date":"2026-03-11T00:06:57","date_gmt":"2026-03-11T06:06:57","guid":{"rendered":"https:\/\/politicosaldesnudo.com.mx\/?p=81371"},"modified":"2026-03-10T22:59:05","modified_gmt":"2026-03-11T04:59:05","slug":"aprueban-en-comisiones-de-san-lazaro-dictamen-de-reforma-electoral-de-sheinbaum-pasa-al-pleno","status":"publish","type":"post","link":"https:\/\/politicosaldesnudo.com.mx\/index.php\/2026\/03\/11\/aprueban-en-comisiones-de-san-lazaro-dictamen-de-reforma-electoral-de-sheinbaum-pasa-al-pleno\/","title":{"rendered":"Aprueban en comisiones de San L\u00e1zaro dictamen de reforma electoral de Sheinbaum; pasa al pleno"},"content":{"rendered":"<p class=\"nota-justify\">Con el voto exclusivamente de Morena, las comisiones unidas de Puntos Constitucionales y Reforma Pol\u00edtico-Electoral de la C\u00e1mara de Diputados aprobaron el dictamen de reforma electoral de la presidenta Claudia Sheinbaum, en el marco de una sesi\u00f3n PT y PVEM ratificaron su rechazo a la propuesta. La oposici\u00f3n tambi\u00e9n confirm\u00f3 su negativa.<\/p>\n<p class=\"nota-justify\">Tras un debate de apenas una hora de duraci\u00f3n, el dictamen fue aprobado por 25 votos en favor y 21 en contra, por parte de los integrantes de la Comisi\u00f3n de Puntos Constitucionales; mientras que en el caso de la Comisi\u00f3n de Reforma Pol\u00edtico-Electoral se aval\u00f3 con 20 votos en favor y 18 en contra.<\/p>\n<p class=\"nota-justify\">En total, el dictamen se aval\u00f3 de manera apretada por 45 sufragios en pro y 39 en contra y fue enviado a la Mesa Directiva de la c\u00e1mara para que lo incluya en el orden del d\u00eda de la sesi\u00f3n de ma\u00f1ana, donde el debate ser\u00e1 pactado y solo entre los seis coordinadores parlamentarios, para evitar una confrontaci\u00f3n.<\/p>\n<p class=\"nota-justify\">Durante el encuentro, que s\u00f3lo tuvo dos rondas de intervenciones, con intervenciones de tres minutos por cada legislador, los emecistas Pablo V\u00e1zquez Ahued y Sergio Gil lamentaron que la propuesta de Sheinbaum no se haya discutido tema por tema, y art\u00edculo por art\u00edculo, como propuso el partido naranja, y contrastaron la iniciativa de reforma electoral de su propio partido con la de la mandataria federal.<\/p>\n<p class=\"nota-justify\">En ese tono, indicaron que la enmienda de Sheinbaum, \u201cadem\u00e1s de descafeinada\u201d, no atiende diversos aspectos importantes de la actividad electoral en M\u00e9xico, entre ellos el uso de recursos de origen il\u00edcito en las campa\u00f1as.<\/p>\n<p class=\"nota-justify\">Por parte del Partido Revolucionario Institucional (PRI), la diputada Abigail Arredondo adelant\u00f3 el voto en contra del tricolor, por diversas razones, entre ellas por el hecho de que no se aborda \u2013dijo- la incursi\u00f3n del crimen organizado en los comicios, ni el financiamiento il\u00edcito en las campa\u00f1as, la \u201cviolencia pol\u00edtica extrema\u201d, el \u201cchapulineo\u201d legislativo, la sobre representaci\u00f3n y el uso de los programas sociales con fines electorales.<\/p>\n<p class=\"nota-justify\">\u201cNinguna de estas propuestas las vimos reflejadas en el dictamen, que carece de gran legitimidad, porque fue hecha en la clandestinidad, en lo oscurito. Fue hecha, me da verg\u00fcenza decirlo, en una oficina de Palacio Nacional, y as\u00ed no se construyen los acuerdos\u201d recalc\u00f3 la legisladora, quien calific\u00f3 la propuesta como una \u201csimulaci\u00f3n\u201d.<\/p>\n<p class=\"nota-justify\">Para la diputada queretana, la iniciativa del Ejecutivo busca en realidad un \u201ccontrol absoluto del poder\u201d, a diferencia de las reformas electorales de 1976, 1990, 1994, 2008 y 2014, que \u201cfueron construidas desde la oposici\u00f3n y la ciudadan\u00eda, no desde Palacio Nacional y no desde el Poder. Por eso el PRI va en contra, porque quieren eliminar a la competencia y no toleran la cr\u00edtica\u201d.<\/p>\n<p class=\"nota-justify\">En el turno del Partido del Trabajo (PT), Pedro V\u00e1zquez Gonz\u00e1lez subray\u00f3 que para su instituto pol\u00edtico \u201cno es f\u00e1cil\u201d fijar postura sobre el tema, pues \u201chemos sido objeto de un linchamiento medi\u00e1tico en los d\u00edas recientes\u201d, a pesar de que los petistas \u201cno defiende una postura de mezquindad, ni privilegios, ni de cuotas y cuates\u201d.<\/p>\n<p class=\"nota-justify\">Luego de recordar que la figura de los legisladores de representaci\u00f3n proporcional fue creada para \u201cdarles voces a las minor\u00edas apabulladas por el otrora partido de Estado\u201d, V\u00e1zquez Gonz\u00e1lez insisti\u00f3 que \u201cen el PT no nos identificamos como oportunistas ni mezquinos, ni rehuimos el debate serio y profundo donde se escuchen todas las voces\u201d.<\/p>\n<p class=\"nota-justify\">Los petistas, abund\u00f3, \u201cestamos ante una postura de que todos ganemos, las mayor\u00edas y las minor\u00edas, y que no s\u00f3lo impere el martillo del m\u00e1s fuerte. Por ello, nuestro grupo parlamentario nos apartamos de este dictamen, toda vez que consideramos que a\u00fan no est\u00e1n agotadas todas las posibilidades ni cerradas todas las puertas para que la Cuarta Transformaci\u00f3n siga creciendo al lado de la presidenta Sheinbaum\u201d.<\/p>\n<p class=\"nota-justify\">Tambi\u00e9n, el Partido Verde Ecologista de M\u00e9xico (PVEM) manifest\u00f3 por primera vez con claridad que no acompa\u00f1ar\u00eda la propuesta de la mandataria.<\/p>\n<p class=\"nota-justify\">En la voz del diputado Ricardo Astudillo, indic\u00f3 que, aunque el dictamen presenta diversos avances y coinciden en gran medida con su contenido, \u201cal analizarlo a profundidad, consideramos que a\u00fan existen aspectos que pueden perfeccionarse\u201d.<\/p>\n<p class=\"nota-justify\">Lo anterior, dijo, \u201cpara garantizar un principio fundamental: la equidad en la contienda electoral y las reglas de competencia, que permiten que todas las fuerzas compitan en condiciones justas, fortaleciendo la confianza de la ciudadan\u00eda\u201d.<\/p>\n<p class=\"nota-justify\">Con tono de cautela, Astudillo apunt\u00f3: \u201cCon el mayor respeto hacia el esfuerzo que significa esta propuesta, y a pesar de coincidir en varios puntos, en esta ocasi\u00f3n no podemos acompa\u00f1ar el dictamen, porque consideramos que la propuesta puede fortalecerse para alcanzar condiciones de igualdad en la contienda. Con respeto, responsabilidad, institucionalidad, y sabiendo que siempre puede perfeccionarse desde el di\u00e1logo\u201d.<\/p>\n<p class=\"nota-justify\">El panista Homero Ni\u00f1o de Rivera, por su parte, calific\u00f3 la propuesta de Sheinbaum como un \u201cpanfleto ideol\u00f3gico trasnochado\u201d que no pudo alcanzar consenso \u201cni siquiera entre sus aliados pol\u00edticos, y la raz\u00f3n de ello es que se le encarg\u00f3 una tarea as\u00ed a Pablo G\u00f3mez\u201d, presidente de la comisi\u00f3n presidencial para la reforma electoral.<\/p>\n<p class=\"nota-justify\">Luego de exponer los que consider\u00f3 errores o contradicciones en el dictamen, el legislador resalt\u00f3 el voto en contra de su bancada, sobre todo porque \u201ces la primera reforma electoral que se hace sin todos los partidos pol\u00edticos sentados a la mesa. Ni el PRI setentero se hab\u00eda atrevido a tanto\u201d.<\/p>\n<p class=\"nota-justify\">Adem\u00e1s de lo anterior, subray\u00f3, la iniciativa \u201csolo busca m\u00e1s poder y control para este gobierno\u201d y, sobre todo, porque \u201cel mayor problema es la intervenci\u00f3n del crimen organizado en las elecciones, y en ocho meses de trabajo (para elaborar la iniciativa) no se les ocurri\u00f3 plantearlo. Quieren seguir siendo c\u00f3mplices\u201d.<\/p>\n<p class=\"nota-justify\">Solos en la posici\u00f3n en favor del dictamen, los morenistas reiteraron que apoyar\u00edan la iniciativa de la mandataria. Guadalupe Morelos resalt\u00f3 que la propuesta enviada por Sheinbaum responde \u201ca las demandas y exigencias de un pueblo harto que aboga por cambios en el sistema electoral del pa\u00eds\u201d.<\/p>\n<p class=\"nota-justify\">La morenista ponder\u00f3 la importancia de avalar aspectos como la reducci\u00f3n del financiamiento p\u00fablico a los partidos y la modificaci\u00f3n del proceso de designaci\u00f3n de los diputados de representaci\u00f3n proporcional, y asegur\u00f3 que el documento s\u00ed atiende la exigencia de frenar la entrada del dinero del crimen organizado en las campa\u00f1as electorales.<\/p>\n<p class=\"nota-justify\">Sobre el apoyo popular a la enmienda, resalt\u00f3: \u201clo hemos constatado en encuestas con cifras contundentes: m\u00e1s de 80 por ciento de los encuestados est\u00e1n a favor de la reforma electoral. Lo que estamos aprobando es garant\u00eda de pluralidad y de representaci\u00f3n de las minor\u00edas. Estamos tomando impulso para dar salto hacia la reforma electoral\u201d.<\/p>\n<p class=\"nota-justify\">En San L\u00e1zaro, circulan versiones de que, tras el eventual rechazo de la iniciativa de Sheinbaum, ma\u00f1ana en el pleno de la C\u00e1mara, la pr\u00f3xima semana se presentar\u00eda el llamado \u201cPlan B\u201d en materia electoral.<\/p>\n","protected":false},"excerpt":{"rendered":"<p>Con el voto exclusivamente de Morena, las comisiones unidas de Puntos Constitucionales y Reforma Pol\u00edtico-Electoral de la C\u00e1mara de Diputados<\/p>\n","protected":false},"author":4,"featured_media":81372,"comment_status":"closed","ping_status":"closed","sticky":false,"template":"","format":"standard","meta":{"colormag_page_container_layout":"default_layout","colormag_page_sidebar_layout":"default_layout","_jetpack_memberships_contains_paid_content":false,"footnotes":"","jetpack_publicize_message":"","jetpack_publicize_feature_enabled":true,"jetpack_social_post_already_shared":true,"jetpack_social_options":{"image_generator_settings":{"template":"highway","default_image_id":0,"font":"","enabled":false},"version":2}},"categories":[33],"tags":[],"class_list":["post-81371","post","type-post","status-publish","format-standard","has-post-thumbnail","hentry","category-nacional"],"jetpack_publicize_connections":[],"jetpack_featured_media_url":"https:\/\/i0.wp.com\/politicosaldesnudo.com.mx\/wp-content\/uploads\/2026\/03\/maspa.jpg?fit=1200%2C800&ssl=1","jetpack-related-posts":[],"jetpack_sharing_enabled":true,"_links":{"self":[{"href":"https:\/\/politicosaldesnudo.com.mx\/index.php\/wp-json\/wp\/v2\/posts\/81371","targetHints":{"allow":["GET"]}}],"collection":[{"href":"https:\/\/politicosaldesnudo.com.mx\/index.php\/wp-json\/wp\/v2\/posts"}],"about":[{"href":"https:\/\/politicosaldesnudo.com.mx\/index.php\/wp-json\/wp\/v2\/types\/post"}],"author":[{"embeddable":true,"href":"https:\/\/politicosaldesnudo.com.mx\/index.php\/wp-json\/wp\/v2\/users\/4"}],"replies":[{"embeddable":true,"href":"https:\/\/politicosaldesnudo.com.mx\/index.php\/wp-json\/wp\/v2\/comments?post=81371"}],"version-history":[{"count":0,"href":"https:\/\/politicosaldesnudo.com.mx\/index.php\/wp-json\/wp\/v2\/posts\/81371\/revisions"}],"wp:featuredmedia":[{"embeddable":true,"href":"https:\/\/politicosaldesnudo.com.mx\/index.php\/wp-json\/wp\/v2\/media\/81372"}],"wp:attachment":[{"href":"https:\/\/politicosaldesnudo.com.mx\/index.php\/wp-json\/wp\/v2\/media?parent=81371"}],"wp:term":[{"taxonomy":"category","embeddable":true,"href":"https:\/\/politicosaldesnudo.com.mx\/index.php\/wp-json\/wp\/v2\/categories?post=81371"},{"taxonomy":"post_tag","embeddable":true,"href":"https:\/\/politicosaldesnudo.com.mx\/index.php\/wp-json\/wp\/v2\/tags?post=81371"}],"curies":[{"name":"wp","href":"https:\/\/api.w.org\/{rel}","templated":true}]}}