{"id":81374,"date":"2026-03-11T00:07:39","date_gmt":"2026-03-11T06:07:39","guid":{"rendered":"https:\/\/politicosaldesnudo.com.mx\/?p=81374"},"modified":"2026-03-10T23:00:47","modified_gmt":"2026-03-11T05:00:47","slug":"mexico-denuncia-uso-del-mecanismo-laboral-del-t-mec-para-influir-en-sindicatos","status":"publish","type":"post","link":"https:\/\/politicosaldesnudo.com.mx\/index.php\/2026\/03\/11\/mexico-denuncia-uso-del-mecanismo-laboral-del-t-mec-para-influir-en-sindicatos\/","title":{"rendered":"M\u00e9xico denuncia uso del mecanismo laboral del T-MEC para influir en sindicatos"},"content":{"rendered":"<p class=\"nota-justify\">La Secretar\u00eda del Trabajo y Previsi\u00f3n Social (STPS) advirti\u00f3 de la injerencia \u201cdirecta y abierta\u201d de \u201cun gobierno extranjero\u201d en asuntos sindicales en M\u00e9xico, a trav\u00e9s del Mecanismo Laboral de Respuesta R\u00e1pida (MLRR) del T-MEC.<\/p>\n<p class=\"nota-justify\" dir=\"auto\">Gabriel Tamariz, titular de la Unidad de Pol\u00edtica Laboral y Relaciones Institucionales de la dependencia, se\u00f1al\u00f3 que adem\u00e1s este instrumento se est\u00e1 utilizando para promover sindicatos, \u201calgunos fundados y financiados en d\u00f3lares\u201d, que ni siquiera tienen representaci\u00f3n en las empresas. \u201cEl\u00a0Mecanismo no debe usarse para proselitismo sindical\u201d, recalc\u00f3.<\/p>\n<p class=\"nota-justify\" dir=\"auto\">Al participar en el panel\u00a0<i>Transformaciones en el Derecho Laboral: Tendencias de cambio y estrategias<\/i>, el funcionario consider\u00f3, sin mencionar a Estados Unidos, que est\u00e1 surgiendo \u201cun nuevo tipo de injerencia\u201d de un gobierno en asuntos laborales.<\/p>\n<p class=\"nota-justify\">\u00abAlgo que me parece preocupante es que, sector trabajador y empleador, hemos estado luchando en contra de esta injerencia patronal en asuntos sindicales y la injerencia gubernamental en asuntos sindicales. Conocemos bien la historia del corporativismo y hemos estado buscando que eso se reduzca, pero al parecer est\u00e1 surgiendo un nuevo tipo de injerencia, que es la injerencia de un gobierno extranjero en asuntos sindicales.<\/p>\n<p class=\"nota-justify\" dir=\"auto\">\u00abY no me refiero a la letra del tratado y el anexo 31 (del T-MEC); est\u00e1 bien el Cap\u00edtulo 23 y el anexo 31, sino en la pr\u00e1ctica, es una injerencia directa y abierta\u00bb, se\u00f1al\u00f3.<\/p>\n<p class=\"nota-justify\">Tamariz tambi\u00e9n enfatiz\u00f3 que no debe modificarse \u201cuna sola coma\u201d al cap\u00edtulo laboral, si antes no se eliminan las \u201casimetr\u00edas\u201d del MLRR, ya que su aplicaci\u00f3n no s\u00f3lo debe acotarse a M\u00e9xico, sino tambi\u00e9n a Estados Unidos, a fin de buscar tambi\u00e9n la defensa de los derechos laborales de nuestros connacionales.<\/p>\n<p class=\"nota-justify\">\u00abEs absolutamente fundamental terminar con la asimetr\u00eda del Mecanismo Laboral de Respuesta R\u00e1pida. En la letra del tratado, la operaci\u00f3n del mecanismo no debe circunscribirse a territorio mexicano; es muy interesante porque todos quienes comentaron sobre lo laboral en las consultas que hicimos, pero tambi\u00e9n en las consultas de Estados Unidos, coincidieron en que se debe acabar la asimetr\u00eda\u00bb, indic\u00f3.<\/p>\n<p class=\"nota-justify\">Sobre la visita de agregados laborales de la Embajada de Estados Unidos en M\u00e9xico a centros de trabajo en territorio nacional para recabar evidencia ante posibles violaciones a los derechos laborales, el funcionario de la STPS plante\u00f3 tambi\u00e9n que se analice su regulaci\u00f3n de los instrumentos legales que ya existen para que este personal del pa\u00eds vecino y de Canad\u00e1 \u201cno extralimiten sus funciones\u201d.<\/p>\n<p class=\"nota-justify\" dir=\"auto\">En este sentido, el subsecretario de Relaciones Exteriores para Am\u00e9rica del Norte, Roberto Velasco, opin\u00f3 que los agregados laborales no tienen la capacidad de realizar inspecciones y subray\u00f3 que \u201cse delimitaron con precisi\u00f3n\u201d sus funciones.<\/p>\n<p class=\"nota-justify\">\u00abNing\u00fan enviado diplom\u00e1tico de Estados Unidos puede ir por encima de las facultades de la Convenci\u00f3n de Viena y no puede, por ende, realizar funciones de inspecci\u00f3n en nuestro Pa\u00eds, eso plante\u00f3 la Canciller\u00eda de M\u00e9xico. Esto se ha tomado como un principio en la acreditaci\u00f3n que se otorga a los agregados laborales\u00bb, reiter\u00f3.<\/p>\n","protected":false},"excerpt":{"rendered":"<p>La Secretar\u00eda del Trabajo y Previsi\u00f3n Social (STPS) advirti\u00f3 de la injerencia \u201cdirecta y abierta\u201d de \u201cun gobierno extranjero\u201d en<\/p>\n","protected":false},"author":4,"featured_media":81375,"comment_status":"closed","ping_status":"closed","sticky":false,"template":"","format":"standard","meta":{"colormag_page_container_layout":"default_layout","colormag_page_sidebar_layout":"default_layout","_jetpack_memberships_contains_paid_content":false,"footnotes":"","jetpack_publicize_message":"","jetpack_publicize_feature_enabled":true,"jetpack_social_post_already_shared":true,"jetpack_social_options":{"image_generator_settings":{"template":"highway","default_image_id":0,"font":"","enabled":false},"version":2}},"categories":[33],"tags":[],"class_list":["post-81374","post","type-post","status-publish","format-standard","has-post-thumbnail","hentry","category-nacional"],"jetpack_publicize_connections":[],"jetpack_featured_media_url":"https:\/\/i0.wp.com\/politicosaldesnudo.com.mx\/wp-content\/uploads\/2026\/03\/ponatra.jpg?fit=1200%2C800&ssl=1","jetpack-related-posts":[],"jetpack_sharing_enabled":true,"_links":{"self":[{"href":"https:\/\/politicosaldesnudo.com.mx\/index.php\/wp-json\/wp\/v2\/posts\/81374","targetHints":{"allow":["GET"]}}],"collection":[{"href":"https:\/\/politicosaldesnudo.com.mx\/index.php\/wp-json\/wp\/v2\/posts"}],"about":[{"href":"https:\/\/politicosaldesnudo.com.mx\/index.php\/wp-json\/wp\/v2\/types\/post"}],"author":[{"embeddable":true,"href":"https:\/\/politicosaldesnudo.com.mx\/index.php\/wp-json\/wp\/v2\/users\/4"}],"replies":[{"embeddable":true,"href":"https:\/\/politicosaldesnudo.com.mx\/index.php\/wp-json\/wp\/v2\/comments?post=81374"}],"version-history":[{"count":0,"href":"https:\/\/politicosaldesnudo.com.mx\/index.php\/wp-json\/wp\/v2\/posts\/81374\/revisions"}],"wp:featuredmedia":[{"embeddable":true,"href":"https:\/\/politicosaldesnudo.com.mx\/index.php\/wp-json\/wp\/v2\/media\/81375"}],"wp:attachment":[{"href":"https:\/\/politicosaldesnudo.com.mx\/index.php\/wp-json\/wp\/v2\/media?parent=81374"}],"wp:term":[{"taxonomy":"category","embeddable":true,"href":"https:\/\/politicosaldesnudo.com.mx\/index.php\/wp-json\/wp\/v2\/categories?post=81374"},{"taxonomy":"post_tag","embeddable":true,"href":"https:\/\/politicosaldesnudo.com.mx\/index.php\/wp-json\/wp\/v2\/tags?post=81374"}],"curies":[{"name":"wp","href":"https:\/\/api.w.org\/{rel}","templated":true}]}}