{"id":81377,"date":"2026-03-11T00:08:17","date_gmt":"2026-03-11T06:08:17","guid":{"rendered":"https:\/\/politicosaldesnudo.com.mx\/?p=81377"},"modified":"2026-03-10T23:02:20","modified_gmt":"2026-03-11T05:02:20","slug":"diputados-eligen-a-aureliano-hernandez-palacios-cardel-como-nuevo-titular-de-la-asf","status":"publish","type":"post","link":"https:\/\/politicosaldesnudo.com.mx\/index.php\/2026\/03\/11\/diputados-eligen-a-aureliano-hernandez-palacios-cardel-como-nuevo-titular-de-la-asf\/","title":{"rendered":"Diputados eligen a Aureliano Hern\u00e1ndez Palacios Cardel como nuevo titular de la ASF"},"content":{"rendered":"<p class=\"nota-justify\">El pleno de la C\u00e1mara de Diputados design\u00f3 por mayor\u00eda este martes a Aureliano Hern\u00e1ndez Palacios Cardel como nuevo titular de la Auditor\u00eda Superior de la Federaci\u00f3n (ASF), para el periodo 2026-2034.<\/p>\n<p>Despu\u00e9s de asumir el cargo, en breves declaraciones, Hern\u00e1ndez Palacios Cardel afirm\u00f3: \u00a0\u201cNo vengo a cumplir con nadie. Mi trabajo ser\u00e1 solo el compromiso con la honestidad y nunca le voy a fallar a esta soberan\u00eda que tuvo a bien votar\u00bb.<br \/>\n-\u00bfGarantiza independencia del Ejecutivo?<br \/>\n-Totalmente. No vengo a cumplirle a nadie.<\/p>\n<p class=\"nota-justify\">Luego de que en la ma\u00f1ana la Comisi\u00f3n de Vigilancia diera a conocer la terna de los aspirantes mejor calificados \u2014entre los cuales estuvieron Elizabeth Barba Villaf\u00e1n y Luis Miguel Mart\u00ednez Anzures\u2014, el pleno de la C\u00e1mara entr\u00f3 a la elecci\u00f3n del nuevo auditor.<\/p>\n<p class=\"nota-justify\">La votaci\u00f3n por c\u00e9dula y conteo de los sufragios llev\u00f3 m\u00e1s de dos horas y se anunci\u00f3 que Hern\u00e1ndez Palacios hab\u00eda obtenido 472 votos, por \u00fanicamente seis de Mart\u00ednez Anzures y uno para Barba Villaf\u00e1n, adem\u00e1s de dos nulos y 19 papeletas \u201cinutilizadas\u201d.<\/p>\n<p class=\"nota-justify\">De esta forma, el pacto previo entre coordinadores de los grupos parlamentarios para designar al nuevo auditor se reflej\u00f3 en la votaci\u00f3n. El desenlace ya estaba tan \u201ccantado\u201d, que Hern\u00e1ndez Palacios se encontraba desde varias horas antes en el sal\u00f3n de protocolo de San L\u00e1zaro.<\/p>\n<p class=\"nota-justify\">Entre los 12 legisladores que se encargaron de recibir al funcionario estuvieron el pri\u00edsta, Carlos Guti\u00e9rrez Mancilla \u2014del grupo cercano al l\u00edder nacional del tricolor, Alejandro Moreno C\u00e1rdenas\u2014, y su paisano Javier Herrera Borunda (PVEM), presidente de la Comisi\u00f3n de Vigilancia.<\/p>\n<p class=\"nota-justify\">Desde octubre, Hern\u00e1ndez Palacios era auditor especial de gasto federalizado, en sustituci\u00f3n de Emilio Barriga Delgado, quien hab\u00eda roto con el auditor saliente, David Colmenares P\u00e1ramo, que no fue considerado en la terna a\u00fan cuando busc\u00f3 su relecci\u00f3n.<\/p>\n<p class=\"nota-justify\">Palacios Cardel es de Veracruz, es hijo de Fernando Aureliano Hern\u00e1ndez Palacios, quien fue secretario particular de la presidenta, Claudia Sheinbaum, cuando ella fue jefa de gobierno capitalino.<\/p>\n<p class=\"nota-justify\">Antes, Hern\u00e1ndez Palacios fue jefe delegacional encargado de despacho en Tlalpan, cuando Sheinbaum busc\u00f3 la jefatura de gobierno de la Ciudad.<\/p>\n<p class=\"nota-justify\">Palacios Cardel es adem\u00e1s nieto del ex rector de la Universidad Veracruzana, Aureliano Hern\u00e1ndez Palacios.<\/p>\n","protected":false},"excerpt":{"rendered":"<p>El pleno de la C\u00e1mara de Diputados design\u00f3 por mayor\u00eda este martes a Aureliano Hern\u00e1ndez Palacios Cardel como nuevo titular<\/p>\n","protected":false},"author":4,"featured_media":81378,"comment_status":"closed","ping_status":"closed","sticky":false,"template":"","format":"standard","meta":{"colormag_page_container_layout":"default_layout","colormag_page_sidebar_layout":"default_layout","_jetpack_memberships_contains_paid_content":false,"footnotes":"","jetpack_publicize_message":"","jetpack_publicize_feature_enabled":true,"jetpack_social_post_already_shared":true,"jetpack_social_options":{"image_generator_settings":{"template":"highway","default_image_id":0,"font":"","enabled":false},"version":2}},"categories":[33],"tags":[],"class_list":["post-81377","post","type-post","status-publish","format-standard","has-post-thumbnail","hentry","category-nacional"],"jetpack_publicize_connections":[],"jetpack_featured_media_url":"https:\/\/i0.wp.com\/politicosaldesnudo.com.mx\/wp-content\/uploads\/2026\/03\/aure.jpg?fit=1200%2C800&ssl=1","jetpack-related-posts":[],"jetpack_sharing_enabled":true,"_links":{"self":[{"href":"https:\/\/politicosaldesnudo.com.mx\/index.php\/wp-json\/wp\/v2\/posts\/81377","targetHints":{"allow":["GET"]}}],"collection":[{"href":"https:\/\/politicosaldesnudo.com.mx\/index.php\/wp-json\/wp\/v2\/posts"}],"about":[{"href":"https:\/\/politicosaldesnudo.com.mx\/index.php\/wp-json\/wp\/v2\/types\/post"}],"author":[{"embeddable":true,"href":"https:\/\/politicosaldesnudo.com.mx\/index.php\/wp-json\/wp\/v2\/users\/4"}],"replies":[{"embeddable":true,"href":"https:\/\/politicosaldesnudo.com.mx\/index.php\/wp-json\/wp\/v2\/comments?post=81377"}],"version-history":[{"count":0,"href":"https:\/\/politicosaldesnudo.com.mx\/index.php\/wp-json\/wp\/v2\/posts\/81377\/revisions"}],"wp:featuredmedia":[{"embeddable":true,"href":"https:\/\/politicosaldesnudo.com.mx\/index.php\/wp-json\/wp\/v2\/media\/81378"}],"wp:attachment":[{"href":"https:\/\/politicosaldesnudo.com.mx\/index.php\/wp-json\/wp\/v2\/media?parent=81377"}],"wp:term":[{"taxonomy":"category","embeddable":true,"href":"https:\/\/politicosaldesnudo.com.mx\/index.php\/wp-json\/wp\/v2\/categories?post=81377"},{"taxonomy":"post_tag","embeddable":true,"href":"https:\/\/politicosaldesnudo.com.mx\/index.php\/wp-json\/wp\/v2\/tags?post=81377"}],"curies":[{"name":"wp","href":"https:\/\/api.w.org\/{rel}","templated":true}]}}