{"id":81380,"date":"2026-03-11T00:09:51","date_gmt":"2026-03-11T06:09:51","guid":{"rendered":"https:\/\/politicosaldesnudo.com.mx\/?p=81380"},"modified":"2026-03-10T23:03:59","modified_gmt":"2026-03-11T05:03:59","slug":"amplia-fonacot-la-promocion-de-sus-creditos-mediante-convenios-de-difusion-a-beneficiarios","status":"publish","type":"post","link":"https:\/\/politicosaldesnudo.com.mx\/index.php\/2026\/03\/11\/amplia-fonacot-la-promocion-de-sus-creditos-mediante-convenios-de-difusion-a-beneficiarios\/","title":{"rendered":"Ampl\u00eda Fonacot la promoci\u00f3n de sus cr\u00e9ditos mediante convenios de difusi\u00f3n a beneficiarios"},"content":{"rendered":"<p class=\"nota-justify\">En seguimiento a la estrategia implementada para beneficiar a cada vez m\u00e1s trabajadoras y trabajadores formales de nuestro pa\u00eds, con cr\u00e9ditos en las mejores condiciones, el Instituto del Fondo Nacional para el Consumo de los Trabajadores (Fonacot) firm\u00f3 un convenio de difusi\u00f3n con la Federaci\u00f3n Nacional de la Asociaci\u00f3n Mexicana de Colegios de Contadores P\u00fablicos (FNAMCP).<\/p>\n<p class=\"nota-justify\">Este acuerdo establece el compromiso para promover y difundir los beneficios del Cr\u00e9dito Fonacot entre los agremiados y asociados de la FNAMCP, as\u00ed como incentivar entre las empresas agremiadas a que cumplan con su obligaci\u00f3n legal de afiliarse al Instituto.<\/p>\n<p class=\"nota-justify\">Al encabezar la firma del convenio, el coordinador general comercial de Fonacot, Salvador Gazca Herrera, destac\u00f3 que con la coordinaci\u00f3n con asociaciones empresariales como la FNAMCP, el Instituto cumple con su vocaci\u00f3n social de contribuir al desarrollo econ\u00f3mico de m\u00e1s personas trabajadoras y sus familias.<\/p>\n<p class=\"nota-justify\">A nombre de la directora general de Fonacot, Laura Fernanda Campa\u00f1a Cerezo, agradeci\u00f3 la contribuci\u00f3n del gremio de contadores para facilitar que m\u00e1s trabajadoras y trabajadores aprovechen las ventajas de tramitar un Cr\u00e9dito Fonacot, pues adem\u00e1s de que es la opci\u00f3n m\u00e1s barata en el mercado de financiamientos con descuento v\u00eda n\u00f3mina, tambi\u00e9n es una opci\u00f3n f\u00e1cil y segura.<\/p>\n<p class=\"nota-justify\">Agreg\u00f3 que lo importante de ratificar esta alianza es que su resultado es en beneficio de las y los trabajadores, pues impulsar mucho m\u00e1s la difusi\u00f3n de las bondades del Cr\u00e9dito Fonacot se convierte en un bien com\u00fan.<\/p>\n<p class=\"nota-justify\">\u201cEl Cr\u00e9dito Fonacot tiene una misi\u00f3n: dar un impulso financiero a bajo costo a quienes m\u00e1s lo necesitan. Este acuerdo nos ayuda a que las y los trabajadores sepan que los financiamientos que ofrecemos son su derecho y pueden acceder a este de forma f\u00e1cil y segura\u201d, afirm\u00f3.<\/p>\n<p class=\"nota-justify\">Gazca Herrera se\u00f1al\u00f3 que el organismo financiero tiene disponibles como medios de contacto el portal de internet\u00a0<a href=\"http:\/\/www.fonacot.gob.mx\/\"><u>www.fonacot.gob.mx<\/u><\/a>\u00a0y el n\u00famero nacional gratuito 55 88 74 74 74, as\u00ed como las siguientes redes sociales: Fonacot.oficial (Facebook) y @Fonacot_oficial (Twitter).<\/p>\n<p class=\"nota-justify\">Por su parte, el presidente del Consejo Directivo Nacional de la FNAMCP, Gerardo Mart\u00ednez Ch\u00e1vez, se\u00f1al\u00f3 que la intenci\u00f3n de la firma del convenio es continuar, as\u00ed como mejorar los lazos de comunicaci\u00f3n para dar a conocer a\u00fan m\u00e1s las ventajas financieras que otorga Fonacot.<\/p>\n<p class=\"nota-justify\">Al respecto, agradeci\u00f3 que, ante cualquier duda, la FNAMCP siempre encuentra una respuesta inmediata en Fonacot y a\u00f1adi\u00f3 que la organizaci\u00f3n que representa est\u00e1 para sumar y buscar tener mejores resultados.<\/p>\n<p class=\"nota-justify\">En tanto, el subdirector general comercial de Fonacot, Jorge Olano Galicia, resalt\u00f3 lo importantes que han sido este tipo de convenios, pues gracias a ellos el cr\u00e9dito Fonacot tiene m\u00e1s presencia entre los Centros de Trabajo y sus colaboradores que requieren de servicios financieros responsables.<\/p>\n<p class=\"nota-justify\">Por ello, agradeci\u00f3 a la Federaci\u00f3n el apoyo y la visi\u00f3n compartida con el Fonacot para apoyar el impulso financiero de m\u00e1s personas trabajadoras, pues esta sinergia fortalece el trabajo del Instituto y su misi\u00f3n social.<\/p>\n","protected":false},"excerpt":{"rendered":"<p>En seguimiento a la estrategia implementada para beneficiar a cada vez m\u00e1s trabajadoras y trabajadores formales de nuestro pa\u00eds, con<\/p>\n","protected":false},"author":4,"featured_media":81381,"comment_status":"closed","ping_status":"closed","sticky":false,"template":"","format":"standard","meta":{"colormag_page_container_layout":"default_layout","colormag_page_sidebar_layout":"default_layout","_jetpack_memberships_contains_paid_content":false,"footnotes":"","jetpack_publicize_message":"","jetpack_publicize_feature_enabled":true,"jetpack_social_post_already_shared":true,"jetpack_social_options":{"image_generator_settings":{"template":"highway","default_image_id":0,"font":"","enabled":false},"version":2}},"categories":[2050],"tags":[],"class_list":["post-81380","post","type-post","status-publish","format-standard","has-post-thumbnail","hentry","category-economia"],"jetpack_publicize_connections":[],"jetpack_featured_media_url":"https:\/\/i0.wp.com\/politicosaldesnudo.com.mx\/wp-content\/uploads\/2026\/03\/cfnt.jpg?fit=1200%2C800&ssl=1","jetpack-related-posts":[],"jetpack_sharing_enabled":true,"_links":{"self":[{"href":"https:\/\/politicosaldesnudo.com.mx\/index.php\/wp-json\/wp\/v2\/posts\/81380","targetHints":{"allow":["GET"]}}],"collection":[{"href":"https:\/\/politicosaldesnudo.com.mx\/index.php\/wp-json\/wp\/v2\/posts"}],"about":[{"href":"https:\/\/politicosaldesnudo.com.mx\/index.php\/wp-json\/wp\/v2\/types\/post"}],"author":[{"embeddable":true,"href":"https:\/\/politicosaldesnudo.com.mx\/index.php\/wp-json\/wp\/v2\/users\/4"}],"replies":[{"embeddable":true,"href":"https:\/\/politicosaldesnudo.com.mx\/index.php\/wp-json\/wp\/v2\/comments?post=81380"}],"version-history":[{"count":0,"href":"https:\/\/politicosaldesnudo.com.mx\/index.php\/wp-json\/wp\/v2\/posts\/81380\/revisions"}],"wp:featuredmedia":[{"embeddable":true,"href":"https:\/\/politicosaldesnudo.com.mx\/index.php\/wp-json\/wp\/v2\/media\/81381"}],"wp:attachment":[{"href":"https:\/\/politicosaldesnudo.com.mx\/index.php\/wp-json\/wp\/v2\/media?parent=81380"}],"wp:term":[{"taxonomy":"category","embeddable":true,"href":"https:\/\/politicosaldesnudo.com.mx\/index.php\/wp-json\/wp\/v2\/categories?post=81380"},{"taxonomy":"post_tag","embeddable":true,"href":"https:\/\/politicosaldesnudo.com.mx\/index.php\/wp-json\/wp\/v2\/tags?post=81380"}],"curies":[{"name":"wp","href":"https:\/\/api.w.org\/{rel}","templated":true}]}}