{"id":81383,"date":"2026-03-11T00:10:21","date_gmt":"2026-03-11T06:10:21","guid":{"rendered":"https:\/\/politicosaldesnudo.com.mx\/?p=81383"},"modified":"2026-03-10T23:05:24","modified_gmt":"2026-03-11T05:05:24","slug":"mexico-puede-ser-potencia-en-agricultura-mejorada-se","status":"publish","type":"post","link":"https:\/\/politicosaldesnudo.com.mx\/index.php\/2026\/03\/11\/mexico-puede-ser-potencia-en-agricultura-mejorada-se\/","title":{"rendered":"M\u00e9xico puede ser potencia en agricultura mejorada: SE"},"content":{"rendered":"<p class=\"nota-justify\">M\u00e9xico tiene las condiciones para convertirse en una potencia mundial en agricultura tecnificada y sostenible, particularmente en el desarrollo de horticultura protegida, coincidieron autoridades, inversionistas y especialistas durante la presentaci\u00f3n del evento GreenTech Americas, que se celebrar\u00e1 del 24 al 26 de marzo en Quer\u00e9taro.<\/p>\n<p class=\"nota-justify\">Durante el anuncio, el coordinador del Corredor Econ\u00f3mico del Bienestar de la Secretar\u00eda de Econom\u00eda en Quer\u00e9taro, C\u00e9sar Guti, afirm\u00f3 que el pa\u00eds cuenta con condiciones naturales, tecnol\u00f3gicas y de pol\u00edtica p\u00fablica para fortalecer este sector estrat\u00e9gico.<\/p>\n<p class=\"nota-justify\">\u201cM\u00e9xico tiene las condiciones para ser una de las potencias a nivel mundial en esta materia\u201d, se\u00f1al\u00f3 el funcionario al destacar que el impulso a la innovaci\u00f3n agr\u00edcola forma parte del Plan M\u00e9xico, estrategia impulsada por la presidenta Claudia Sheinbaum y el secretario de Econom\u00eda Marcelo Ebrard.<\/p>\n<p class=\"nota-justify\">El funcionario subray\u00f3 que la tecnificaci\u00f3n del campo es clave para avanzar hacia la seguridad alimentaria, mejorar la productividad y enfrentar los desaf\u00edos del cambio clim\u00e1tico. En ese sentido, destac\u00f3 que la cooperaci\u00f3n entre gobierno, empresas y universidades \u2014lo que denomin\u00f3 la \u201ctriple h\u00e9lice\u201d\u2014 ser\u00e1 fundamental para impulsar soluciones tecnol\u00f3gicas que transformen la producci\u00f3n agr\u00edcola.<\/p>\n<p class=\"nota-justify\">Especialistas coincidieron en que la agricultura protegida, basada en invernaderos, sistemas hidrop\u00f3nicos y tecnolog\u00eda de monitoreo, ser\u00e1 determinante para enfrentar los retos clim\u00e1ticos y de productividad.<\/p>\n<p class=\"nota-justify\">Desde el \u00e1mbito acad\u00e9mico, la investigadora Eliza Dexter explic\u00f3 que en la \u00faltima d\u00e9cada la horticultura protegida ha incrementado su producci\u00f3n en 50 por ciento en M\u00e9xico, aunque advirti\u00f3 que el crecimiento del sector tambi\u00e9n implica retos sociales, econ\u00f3micos y ambientales.<\/p>\n<p class=\"nota-justify\">El especialista en operaci\u00f3n de invernaderos, Alejandro \u00c1vila, explic\u00f3 que pr\u00e1cticamente cualquier tipo de producci\u00f3n agr\u00edcola puede incorporar tecnolog\u00eda para mejorar resultados.<\/p>\n<p class=\"nota-justify\">Seg\u00fan detall\u00f3, el uso de sensores, sistemas de riego inteligentes y herramientas de an\u00e1lisis de datos permite optimizar el consumo de agua y mejorar la eficiencia productiva. Incluso, tecnolog\u00edas como la inteligencia artificial comienzan a utilizarse para anticipar rendimientos.<\/p>\n<p class=\"nota-justify\">Desde la perspectiva de inversi\u00f3n, el socio fundador de HarvCrest Capital, Alejandro Trueba, destac\u00f3 que el crecimiento de la poblaci\u00f3n mundial obligar\u00e1 a incrementar la producci\u00f3n de alimentos en las pr\u00f3ximas d\u00e9cadas.<\/p>\n<p class=\"nota-justify\">Citando estimaciones de la Organizaci\u00f3n de las Naciones Unidas para la Alimentaci\u00f3n y la Agricultura, se\u00f1al\u00f3 que para 2050 la producci\u00f3n agr\u00edcola global deber\u00e1 aumentar entre 50 y 60 por ciento..<\/p>\n<p class=\"nota-justify\">Para los especialistas, la vinculaci\u00f3n entre innovaci\u00f3n, inversi\u00f3n y tecnolog\u00eda ser\u00e1 clave para que M\u00e9xico consolide su papel como uno de los actores relevantes en la producci\u00f3n agr\u00edcola en las pr\u00f3ximas d\u00e9cadas.<\/p>\n","protected":false},"excerpt":{"rendered":"<p>M\u00e9xico tiene las condiciones para convertirse en una potencia mundial en agricultura tecnificada y sostenible, particularmente en el desarrollo de<\/p>\n","protected":false},"author":4,"featured_media":81384,"comment_status":"closed","ping_status":"closed","sticky":false,"template":"","format":"standard","meta":{"colormag_page_container_layout":"default_layout","colormag_page_sidebar_layout":"default_layout","_jetpack_memberships_contains_paid_content":false,"footnotes":"","jetpack_publicize_message":"","jetpack_publicize_feature_enabled":true,"jetpack_social_post_already_shared":true,"jetpack_social_options":{"image_generator_settings":{"template":"highway","default_image_id":0,"font":"","enabled":false},"version":2}},"categories":[2050],"tags":[],"class_list":["post-81383","post","type-post","status-publish","format-standard","has-post-thumbnail","hentry","category-economia"],"jetpack_publicize_connections":[],"jetpack_featured_media_url":"https:\/\/i0.wp.com\/politicosaldesnudo.com.mx\/wp-content\/uploads\/2026\/03\/agr.jpg?fit=1200%2C862&ssl=1","jetpack-related-posts":[],"jetpack_sharing_enabled":true,"_links":{"self":[{"href":"https:\/\/politicosaldesnudo.com.mx\/index.php\/wp-json\/wp\/v2\/posts\/81383","targetHints":{"allow":["GET"]}}],"collection":[{"href":"https:\/\/politicosaldesnudo.com.mx\/index.php\/wp-json\/wp\/v2\/posts"}],"about":[{"href":"https:\/\/politicosaldesnudo.com.mx\/index.php\/wp-json\/wp\/v2\/types\/post"}],"author":[{"embeddable":true,"href":"https:\/\/politicosaldesnudo.com.mx\/index.php\/wp-json\/wp\/v2\/users\/4"}],"replies":[{"embeddable":true,"href":"https:\/\/politicosaldesnudo.com.mx\/index.php\/wp-json\/wp\/v2\/comments?post=81383"}],"version-history":[{"count":0,"href":"https:\/\/politicosaldesnudo.com.mx\/index.php\/wp-json\/wp\/v2\/posts\/81383\/revisions"}],"wp:featuredmedia":[{"embeddable":true,"href":"https:\/\/politicosaldesnudo.com.mx\/index.php\/wp-json\/wp\/v2\/media\/81384"}],"wp:attachment":[{"href":"https:\/\/politicosaldesnudo.com.mx\/index.php\/wp-json\/wp\/v2\/media?parent=81383"}],"wp:term":[{"taxonomy":"category","embeddable":true,"href":"https:\/\/politicosaldesnudo.com.mx\/index.php\/wp-json\/wp\/v2\/categories?post=81383"},{"taxonomy":"post_tag","embeddable":true,"href":"https:\/\/politicosaldesnudo.com.mx\/index.php\/wp-json\/wp\/v2\/tags?post=81383"}],"curies":[{"name":"wp","href":"https:\/\/api.w.org\/{rel}","templated":true}]}}