{"id":81395,"date":"2026-03-11T00:14:56","date_gmt":"2026-03-11T06:14:56","guid":{"rendered":"https:\/\/politicosaldesnudo.com.mx\/?p=81395"},"modified":"2026-03-10T23:12:07","modified_gmt":"2026-03-11T05:12:07","slug":"anuncia-gobernadora-de-bc-marina-del-pilar-plan-de-atencion-integral-a-san-quintin-coordinado-con-presidenta","status":"publish","type":"post","link":"https:\/\/politicosaldesnudo.com.mx\/index.php\/2026\/03\/11\/anuncia-gobernadora-de-bc-marina-del-pilar-plan-de-atencion-integral-a-san-quintin-coordinado-con-presidenta\/","title":{"rendered":"Anuncia gobernadora de BC Marina del Pilar Plan de Atenci\u00f3n Integral a San Quint\u00edn coordinado con presidenta"},"content":{"rendered":"<p>Con el objetivo de impulsar la justicia social y atender los rezagos hist\u00f3ricos de la regi\u00f3n, la gobernadora Marina del Pilar Avila Olmeda present\u00f3 el Plan de Atenci\u00f3n Integral para San Quint\u00edn, una estrategia que se implementa en coordinaci\u00f3n con la presidenta de M\u00e9xico, Claudia Sheinbaum Pardo, y que contempla una inversi\u00f3n hist\u00f3rica superior a 2 mil 590 millones de pesos.<\/p>\n<p>\u201cLa inversi\u00f3n que se est\u00e1 realizando es hist\u00f3rica por parte de un gobierno: m\u00e1s de 2 mil 590 millones de pesos exclusivamente para el municipio de San Quint\u00edn, destinados a programas y proyectos de agua, electricidad y bienestar para toda la poblaci\u00f3n sanquintinense\u201d, inform\u00f3 la mandataria estatal.<\/p>\n<p>La gobernadora explic\u00f3 que el plan incluye obras de infraestructura, programas sociales y proyectos productivos para mejorar las condiciones de vida en comunidades como Camal\u00fa, Vicente Guerrero, San Quint\u00edn, El Rosario, Catavi\u00f1\u00e1-El M\u00e1rmol, Punta Prieta, Santa Rosalillita, Bah\u00eda de los \u00c1ngeles, Villa Jes\u00fas Mar\u00eda e Isla de Cedros.<\/p>\n<p>La estrategia se organiza en tres ejes principales: el Programa de Justicia Social, enfocado en infraestructura y servicios b\u00e1sicos; el Programa de Actividades Sociales, Culturales y Tur\u00edsticas, orientado a fortalecer la convivencia comunitaria y las oportunidades productivas; y el Programa de Diagn\u00f3stico Territorial, que permite atender las necesidades directamente desde las comunidades.<\/p>\n<p>Entre las acciones destacan la construcci\u00f3n de un Centro de Educaci\u00f3n y Cuidado Infantil en Vicente Guerrero, un Telebachillerato en la colonia Internacional, as\u00ed como una inversi\u00f3n de 20 millones de pesos para infraestructura educativa. Adem\u00e1s, se invertir\u00e1n m\u00e1s de 53 millones de pesos en obras viales, m\u00e1s de 9 millones en infraestructura pesquera y m\u00e1s de 176 millones de pesos en electrificaci\u00f3n.<\/p>\n<p>Uno de los proyectos m\u00e1s relevantes es el paquete de infraestructura h\u00eddrica, con una inversi\u00f3n superior a 1 mil 578 millones de pesos, que incluye la desaladora de San Quint\u00edn, la ampliaci\u00f3n de la desaladora Padre Kino, cinco nuevos pozos de agua potable y obras de distribuci\u00f3n para garantizar el acceso al agua en la regi\u00f3n.<\/p>\n<p>El plan tambi\u00e9n contempla la regularizaci\u00f3n de la tenencia de la tierra para cerca de 12 mil familias, as\u00ed como 21 millones de pesos para fortalecer el modelo DIF PILARES y 30 millones de pesos para la construcci\u00f3n de un cuartel de la Fuerza Estatal de Seguridad Ciudadana.<\/p>\n<p>El secretario general de Gobierno, Alfredo \u00c1lvarez C\u00e1rdenas, se\u00f1al\u00f3 que, de manera complementaria, el Programa de Actividades Sociales, Culturales y Tur\u00edsticas contempla m\u00e1s de 701 millones de pesos para el periodo 2026\u20132027, con apoyos para m\u00e1s de 82 mil personas de grupos prioritarios, 27 mil mujeres, 2 mil 355 j\u00f3venes y m\u00e1s de 20 mil trabajadores, adem\u00e1s de acciones productivas para los sectores agropecuario, pesquero y tur\u00edstico.<\/p>\n<p>\u201cA trav\u00e9s de este mecanismo se realizan mesas territoriales con l\u00edderes comunitarios para identificar las problem\u00e1ticas espec\u00edficas de cada zona y construir soluciones desde el territorio\u201d, resalt\u00f3 \u00c1lvarez C\u00e1rdenas.<\/p>\n<p>Durante la gira de trabajo en el municipio de San Quint\u00edn, la gobernadora Marina del Pilar encabez\u00f3 la inauguraci\u00f3n del Centro Integrador del Bienestar, ubicado en Camal\u00fa, el cual brindar\u00e1 atenci\u00f3n integral a la poblaci\u00f3n m\u00e1s vulnerable de la zona, mediante espacios seguros y accesibles que promueven el bienestar educativo, econ\u00f3mico y comunitario a trav\u00e9s de cursos y talleres, a trav\u00e9s de la Secretar\u00eda de Bienestar, encabezada por Netzahualc\u00f3yotl J\u00e1uregui Santill\u00e1n.<\/p>\n","protected":false},"excerpt":{"rendered":"<p>Con el objetivo de impulsar la justicia social y atender los rezagos hist\u00f3ricos de la regi\u00f3n, la gobernadora Marina del<\/p>\n","protected":false},"author":4,"featured_media":81396,"comment_status":"closed","ping_status":"closed","sticky":false,"template":"","format":"standard","meta":{"colormag_page_container_layout":"default_layout","colormag_page_sidebar_layout":"default_layout","_jetpack_memberships_contains_paid_content":false,"footnotes":"","jetpack_publicize_message":"","jetpack_publicize_feature_enabled":true,"jetpack_social_post_already_shared":true,"jetpack_social_options":{"image_generator_settings":{"template":"highway","default_image_id":0,"font":"","enabled":false},"version":2}},"categories":[30],"tags":[],"class_list":["post-81395","post","type-post","status-publish","format-standard","has-post-thumbnail","hentry","category-estados"],"jetpack_publicize_connections":[],"jetpack_featured_media_url":"https:\/\/i0.wp.com\/politicosaldesnudo.com.mx\/wp-content\/uploads\/2026\/03\/pipucu.jpg?fit=564%2C430&ssl=1","jetpack-related-posts":[],"jetpack_sharing_enabled":true,"_links":{"self":[{"href":"https:\/\/politicosaldesnudo.com.mx\/index.php\/wp-json\/wp\/v2\/posts\/81395","targetHints":{"allow":["GET"]}}],"collection":[{"href":"https:\/\/politicosaldesnudo.com.mx\/index.php\/wp-json\/wp\/v2\/posts"}],"about":[{"href":"https:\/\/politicosaldesnudo.com.mx\/index.php\/wp-json\/wp\/v2\/types\/post"}],"author":[{"embeddable":true,"href":"https:\/\/politicosaldesnudo.com.mx\/index.php\/wp-json\/wp\/v2\/users\/4"}],"replies":[{"embeddable":true,"href":"https:\/\/politicosaldesnudo.com.mx\/index.php\/wp-json\/wp\/v2\/comments?post=81395"}],"version-history":[{"count":0,"href":"https:\/\/politicosaldesnudo.com.mx\/index.php\/wp-json\/wp\/v2\/posts\/81395\/revisions"}],"wp:featuredmedia":[{"embeddable":true,"href":"https:\/\/politicosaldesnudo.com.mx\/index.php\/wp-json\/wp\/v2\/media\/81396"}],"wp:attachment":[{"href":"https:\/\/politicosaldesnudo.com.mx\/index.php\/wp-json\/wp\/v2\/media?parent=81395"}],"wp:term":[{"taxonomy":"category","embeddable":true,"href":"https:\/\/politicosaldesnudo.com.mx\/index.php\/wp-json\/wp\/v2\/categories?post=81395"},{"taxonomy":"post_tag","embeddable":true,"href":"https:\/\/politicosaldesnudo.com.mx\/index.php\/wp-json\/wp\/v2\/tags?post=81395"}],"curies":[{"name":"wp","href":"https:\/\/api.w.org\/{rel}","templated":true}]}}