{"id":81416,"date":"2026-03-11T00:00:55","date_gmt":"2026-03-11T06:00:55","guid":{"rendered":"https:\/\/politicosaldesnudo.com.mx\/?p=81416"},"modified":"2026-03-10T23:23:17","modified_gmt":"2026-03-11T05:23:17","slug":"el-balon-mundialista-sigue-rodando-en-nuestro-pais","status":"publish","type":"post","link":"https:\/\/politicosaldesnudo.com.mx\/index.php\/2026\/03\/11\/el-balon-mundialista-sigue-rodando-en-nuestro-pais\/","title":{"rendered":"El bal\u00f3n mundialista sigue rodando en nuestro pa\u00eds"},"content":{"rendered":"<p><span style=\"font-family: arial, helvetica, sans-serif; font-size: 18pt;\"><strong>ALMA GRANDE<\/strong><\/span><\/p>\n<p><span style=\"font-family: arial, helvetica, sans-serif; font-size: 18pt;\"><strong>Por \u00c1ngel \u00c1lvaro Pe\u00f1a<\/strong><\/span><\/p>\n<p><span style=\"font-family: arial, helvetica, sans-serif; font-size: 14pt;\">En la pol\u00edtica mexicana existe un fen\u00f3meno curioso: hay quienes prefieren que al pa\u00eds le vaya mal con tal de tener raz\u00f3n. No importa si se trata de seguridad, econom\u00eda o incluso de un evento internacional como el Mundial de futbol. Si algo se mueve, si algo cambia o si surge una duda, inmediatamente aparece una narrativa de cat\u00e1strofe.<\/span><\/p>\n<p><span style=\"font-family: arial, helvetica, sans-serif; font-size: 14pt;\">Eso ocurri\u00f3 con la noticia de que la FIFA cancel\u00f3 parte de sus reservaciones hoteleras en la Ciudad de M\u00e9xico rumbo al Mundial 2026. Sin esperar explicaciones, los coment\u00f3cratas corrieron a presentar el hecho como una se\u00f1al de fracaso, como si el torneo estuviera en riesgo o como si M\u00e9xico estuviera perdiendo la confianza internacional.<\/span><\/p>\n<p><span style=\"font-family: arial, helvetica, sans-serif; font-size: 14pt;\">Pero la realidad es menos dram\u00e1tica y m\u00e1s sencilla: la propia presidenta Claudia Sheinbaum fue clara al se\u00f1alar que primero se debe verificar la informaci\u00f3n y, en caso de confirmarse, conocer las razones. Esa es la postura responsable de un gobierno: investigar antes de especular.<\/span><\/p>\n<p><span style=\"font-family: arial, helvetica, sans-serif; font-size: 14pt;\">Convertir un ajuste log\u00edstico de la FIFA en una crisis nacional no es an\u00e1lisis pol\u00edtico; es simple oportunismo. Los eventos de escala mundial suelen modificar reservas, sedes de hospedaje, log\u00edstica de seguridad o transporte conforme se acerca la fecha. Es parte de la organizaci\u00f3n de un torneo que, adem\u00e1s, ser\u00e1 compartido entre tres pa\u00edses.<\/span><\/p>\n<p><span style=\"font-family: arial, helvetica, sans-serif; font-size: 14pt;\">M\u00e9xico, de hecho, mantiene una posici\u00f3n privilegiada en la Copa Mundial de la FIFA 2026: ser\u00e1 sede de varios partidos y tendr\u00e1 un hecho hist\u00f3rico, la inauguraci\u00f3n en el Estadio Azteca, que se convertir\u00e1 en el \u00fanico estadio del mundo en recibir tres aperturas mundialistas.<\/span><\/p>\n<p><span style=\"font-family: arial, helvetica, sans-serif; font-size: 14pt;\">La cr\u00edtica pol\u00edtica es necesaria en democracia, pero hay una l\u00ednea clara entre cuestionar y desear el fracaso. Cuando cada noticia se interpreta como prueba de que el pa\u00eds se derrumba, el debate deja de ser pol\u00edtico y se convierte en propaganda del pesimismo.<\/span><\/p>\n<p><span style=\"font-family: arial, helvetica, sans-serif; font-size: 14pt;\">M\u00e9xico ha organizado Juegos Ol\u00edmpicos, Copas del Mundo y cientos de eventos internacionales. Lo hizo antes y lo har\u00e1 ahora. Y lo har\u00e1 con un gobierno que, al menos en este caso, decidi\u00f3 actuar con prudencia: investigar primero y hablar despu\u00e9s.<\/span><\/p>\n<p><span style=\"font-family: arial, helvetica, sans-serif; font-size: 14pt;\">Tal vez por eso algunos se desesperan. Porque mientras unos intentan instalar la idea del desastre, el pa\u00eds sigue caminando hacia el Mundial.<\/span><\/p>\n<p><span style=\"font-family: arial, helvetica, sans-serif; font-size: 14pt;\">Y el bal\u00f3n, les guste o no, sigue rodando.<\/span><\/p>\n<p><span style=\"font-family: arial, helvetica, sans-serif; font-size: 14pt;\"><strong>PEGA Y CORRE:<\/strong> Hay pol\u00edticos que confunden la tribuna con el escenario. El caso del diputado Sergio Mayer es una muestra clara.<\/span><\/p>\n<p><span style=\"font-family: arial, helvetica, sans-serif; font-size: 14pt;\">Pidi\u00f3 licencia en la C\u00e1mara de Diputados del Congreso de la Uni\u00f3n para entrar al reality La Casa de los Famosos, con el argumento de que servir\u00eda para \u201cimpulsar la cultura latina\u201d. Tres semanas despu\u00e9s fue eliminado.<\/span><\/p>\n<p><span style=\"font-family: arial, helvetica, sans-serif; font-size: 14pt;\">El episodio no s\u00f3lo termin\u00f3 en fracaso televisivo. Tambi\u00e9n tuvo consecuencias pol\u00edticas: su propio partido, Morena, decidi\u00f3 suspenderle sus derechos partidistas tras considerar cuestionable su decisi\u00f3n de abandonar temporalmente su responsabilidad legislativa.<\/span><\/p>\n<p><span style=\"font-family: arial, helvetica, sans-serif; font-size: 14pt;\">La escena es dif\u00edcil de ignorar: un diputado que deja el Congreso para buscar reflectores\u2026 y regresa eliminado. Ya le suspendieron sus derechos pol\u00edticos en MORENA. Falta que le suspendan la plurinominal. Esta columna se publica los lunes, mi\u00e9rcoles y viernes.<\/span><\/p>\n<p><img data-recalc-dims=\"1\" loading=\"lazy\" decoding=\"async\" class=\"aligncenter size-full wp-image-81271\" src=\"https:\/\/i0.wp.com\/politicosaldesnudo.com.mx\/wp-content\/uploads\/2026\/03\/FIRMA-EDITORIAL-PD-2.jpg?resize=800%2C98&#038;ssl=1\" alt=\"\" width=\"800\" height=\"98\" srcset=\"https:\/\/i0.wp.com\/politicosaldesnudo.com.mx\/wp-content\/uploads\/2026\/03\/FIRMA-EDITORIAL-PD-2.jpg?w=1024&amp;ssl=1 1024w, https:\/\/i0.wp.com\/politicosaldesnudo.com.mx\/wp-content\/uploads\/2026\/03\/FIRMA-EDITORIAL-PD-2.jpg?resize=300%2C37&amp;ssl=1 300w, https:\/\/i0.wp.com\/politicosaldesnudo.com.mx\/wp-content\/uploads\/2026\/03\/FIRMA-EDITORIAL-PD-2.jpg?resize=768%2C94&amp;ssl=1 768w\" sizes=\"auto, (max-width: 800px) 100vw, 800px\" \/><\/p>\n","protected":false},"excerpt":{"rendered":"<p>ALMA GRANDE Por \u00c1ngel \u00c1lvaro Pe\u00f1a En la pol\u00edtica mexicana existe un fen\u00f3meno curioso: hay quienes prefieren que al pa\u00eds<\/p>\n","protected":false},"author":4,"featured_media":81290,"comment_status":"closed","ping_status":"closed","sticky":false,"template":"","format":"standard","meta":{"colormag_page_container_layout":"default_layout","colormag_page_sidebar_layout":"default_layout","_jetpack_memberships_contains_paid_content":false,"footnotes":"","jetpack_publicize_message":"","jetpack_publicize_feature_enabled":true,"jetpack_social_post_already_shared":true,"jetpack_social_options":{"image_generator_settings":{"template":"highway","default_image_id":0,"font":"","enabled":false},"version":2}},"categories":[26],"tags":[],"class_list":["post-81416","post","type-post","status-publish","format-standard","has-post-thumbnail","hentry","category-columnistas"],"jetpack_publicize_connections":[],"jetpack_featured_media_url":"https:\/\/i0.wp.com\/politicosaldesnudo.com.mx\/wp-content\/uploads\/2026\/03\/BANNER-LOPEZ-DORIGA-DIGITAL-1.jpg?fit=800%2C445&ssl=1","jetpack-related-posts":[],"jetpack_sharing_enabled":true,"_links":{"self":[{"href":"https:\/\/politicosaldesnudo.com.mx\/index.php\/wp-json\/wp\/v2\/posts\/81416","targetHints":{"allow":["GET"]}}],"collection":[{"href":"https:\/\/politicosaldesnudo.com.mx\/index.php\/wp-json\/wp\/v2\/posts"}],"about":[{"href":"https:\/\/politicosaldesnudo.com.mx\/index.php\/wp-json\/wp\/v2\/types\/post"}],"author":[{"embeddable":true,"href":"https:\/\/politicosaldesnudo.com.mx\/index.php\/wp-json\/wp\/v2\/users\/4"}],"replies":[{"embeddable":true,"href":"https:\/\/politicosaldesnudo.com.mx\/index.php\/wp-json\/wp\/v2\/comments?post=81416"}],"version-history":[{"count":0,"href":"https:\/\/politicosaldesnudo.com.mx\/index.php\/wp-json\/wp\/v2\/posts\/81416\/revisions"}],"wp:featuredmedia":[{"embeddable":true,"href":"https:\/\/politicosaldesnudo.com.mx\/index.php\/wp-json\/wp\/v2\/media\/81290"}],"wp:attachment":[{"href":"https:\/\/politicosaldesnudo.com.mx\/index.php\/wp-json\/wp\/v2\/media?parent=81416"}],"wp:term":[{"taxonomy":"category","embeddable":true,"href":"https:\/\/politicosaldesnudo.com.mx\/index.php\/wp-json\/wp\/v2\/categories?post=81416"},{"taxonomy":"post_tag","embeddable":true,"href":"https:\/\/politicosaldesnudo.com.mx\/index.php\/wp-json\/wp\/v2\/tags?post=81416"}],"curies":[{"name":"wp","href":"https:\/\/api.w.org\/{rel}","templated":true}]}}