{"id":81418,"date":"2026-03-13T00:01:17","date_gmt":"2026-03-13T06:01:17","guid":{"rendered":"https:\/\/politicosaldesnudo.com.mx\/?p=81418"},"modified":"2026-03-12T21:37:49","modified_gmt":"2026-03-13T03:37:49","slug":"con-561-vacantes-realizan-en-tuxpan-la-segunda-feria-de-empleo-para-las-mujeres","status":"publish","type":"post","link":"https:\/\/politicosaldesnudo.com.mx\/index.php\/2026\/03\/13\/con-561-vacantes-realizan-en-tuxpan-la-segunda-feria-de-empleo-para-las-mujeres\/","title":{"rendered":"Con 561 vacantes, realizan en Tuxpan la segunda Feria de Empleo para las Mujeres"},"content":{"rendered":"<p>Con la participaci\u00f3n de 30 empresas y una oferta de 561 vacantes, con salarios que van de 9 mil 583 a 26 mil 176 pesos, se realiz\u00f3 en Tuxpan la segunda Feria Nacional de Empleo para las Mujeres, organizada por la Secretar\u00eda de Trabajo, Previsi\u00f3n Social y Productividad (STPSP), a trav\u00e9s del Servicio Nacional de Empleo Veracruz.<\/p>\n<p>&nbsp;<\/p>\n<p>La jornada permiti\u00f3 vincular de manera directa a buscadoras de empleo con empresas e instituciones del sector productivo, entre ellas la Secretar\u00eda de Seguridad P\u00fablica de Tamaulipas, Inspection and Reworking de M\u00e9xico, Servicios de Protecci\u00f3n Federal, Vi\u00f1edos Alta, SIMS Divisi\u00f3n Transporte, CELASA y SUMIMSA.<\/p>\n<p>&nbsp;<\/p>\n<p>Al inaugurar la jornada, el titular de la STPSP, Luis Arturo Santiago Mart\u00ednez, se\u00f1al\u00f3 que estas ferias forman parte de la estrategia estatal para acercar oportunidades de empleo formal y fortalecer la participaci\u00f3n laboral de las mujeres, mediante la coordinaci\u00f3n con el sector empresarial y las instituciones p\u00fablicas.<\/p>\n<p>&nbsp;<\/p>\n<p>Asimismo, destac\u00f3 que Tuxpan se consolida como un punto estrat\u00e9gico para la actividad econ\u00f3mica del norte de Veracruz, por su vocaci\u00f3n portuaria, su dinamismo comercial y su ubicaci\u00f3n log\u00edstica, factores que favorecen la atracci\u00f3n de inversiones y la generaci\u00f3n de empleo en la regi\u00f3n.<\/p>\n","protected":false},"excerpt":{"rendered":"<p>Con la participaci\u00f3n de 30 empresas y una oferta de 561 vacantes, con salarios que van de 9 mil 583<\/p>\n","protected":false},"author":4,"featured_media":81419,"comment_status":"closed","ping_status":"closed","sticky":false,"template":"","format":"standard","meta":{"colormag_page_container_layout":"default_layout","colormag_page_sidebar_layout":"default_layout","_jetpack_memberships_contains_paid_content":false,"footnotes":"","jetpack_publicize_message":"","jetpack_publicize_feature_enabled":true,"jetpack_social_post_already_shared":true,"jetpack_social_options":{"image_generator_settings":{"template":"highway","default_image_id":0,"font":"","enabled":false},"version":2}},"categories":[1082],"tags":[],"class_list":["post-81418","post","type-post","status-publish","format-standard","has-post-thumbnail","hentry","category-tuxpan"],"jetpack_publicize_connections":[],"jetpack_featured_media_url":"https:\/\/i0.wp.com\/politicosaldesnudo.com.mx\/wp-content\/uploads\/2026\/03\/WhatsApp-Image-2026-03-11-at-19.24.47.jpeg?fit=1280%2C854&ssl=1","jetpack-related-posts":[],"jetpack_sharing_enabled":true,"_links":{"self":[{"href":"https:\/\/politicosaldesnudo.com.mx\/index.php\/wp-json\/wp\/v2\/posts\/81418","targetHints":{"allow":["GET"]}}],"collection":[{"href":"https:\/\/politicosaldesnudo.com.mx\/index.php\/wp-json\/wp\/v2\/posts"}],"about":[{"href":"https:\/\/politicosaldesnudo.com.mx\/index.php\/wp-json\/wp\/v2\/types\/post"}],"author":[{"embeddable":true,"href":"https:\/\/politicosaldesnudo.com.mx\/index.php\/wp-json\/wp\/v2\/users\/4"}],"replies":[{"embeddable":true,"href":"https:\/\/politicosaldesnudo.com.mx\/index.php\/wp-json\/wp\/v2\/comments?post=81418"}],"version-history":[{"count":0,"href":"https:\/\/politicosaldesnudo.com.mx\/index.php\/wp-json\/wp\/v2\/posts\/81418\/revisions"}],"wp:featuredmedia":[{"embeddable":true,"href":"https:\/\/politicosaldesnudo.com.mx\/index.php\/wp-json\/wp\/v2\/media\/81419"}],"wp:attachment":[{"href":"https:\/\/politicosaldesnudo.com.mx\/index.php\/wp-json\/wp\/v2\/media?parent=81418"}],"wp:term":[{"taxonomy":"category","embeddable":true,"href":"https:\/\/politicosaldesnudo.com.mx\/index.php\/wp-json\/wp\/v2\/categories?post=81418"},{"taxonomy":"post_tag","embeddable":true,"href":"https:\/\/politicosaldesnudo.com.mx\/index.php\/wp-json\/wp\/v2\/tags?post=81418"}],"curies":[{"name":"wp","href":"https:\/\/api.w.org\/{rel}","templated":true}]}}