{"id":81421,"date":"2026-03-13T00:02:39","date_gmt":"2026-03-13T06:02:39","guid":{"rendered":"https:\/\/politicosaldesnudo.com.mx\/?p=81421"},"modified":"2026-03-12T21:45:11","modified_gmt":"2026-03-13T03:45:11","slug":"tuxpan-alista-festival-para-semana-santa","status":"publish","type":"post","link":"https:\/\/politicosaldesnudo.com.mx\/index.php\/2026\/03\/13\/tuxpan-alista-festival-para-semana-santa\/","title":{"rendered":"Tuxpan alista festival para Semana Santa"},"content":{"rendered":"<p>Con una cartelera musical, actividades en playa y un operativo especial de seguridad, el Ayuntamiento de Tuxpan se prepara para recibir a miles de visitantes durante el periodo vacacional de Semana Santa 2026, inform\u00f3 el alcalde Daniel Cortina Mart\u00ednez.<\/p>\n<p>El presidente municipal se\u00f1al\u00f3 que, pese a las limitaciones presupuestales, el gobierno local logr\u00f3 integrar una agenda de actividades que busca atraer turismo y generar derrama econ\u00f3mica para prestadores de servicios del municipio.<\/p>\n<p>Uno de los eventos principales ser\u00e1 la primera edici\u00f3n del FaroFest, programada para el jueves 2 de abril en Playa Esmeralda, a un costado del faro, donde se presentar\u00e1 el cantautor mexicano Caloncho.<\/p>\n<p>De acuerdo con el alcalde, el festival iniciar\u00e1 desde el mediod\u00eda y tendr\u00e1 diversas actividades recreativas y musicales, mientras que por la tarde-noche se realizar\u00e1 el concierto estelar del artista, cuya presentaci\u00f3n ha generado expectativa entre la ciudadan\u00eda.<\/p>\n<p>\u201cEstiramos la liga lo m\u00e1s posible con el presupuesto, pero logramos traer a un artista de calidad nacional. Hemos visto que ha tenido buena aceptaci\u00f3n entre la gente\u201d, expres\u00f3.<\/p>\n<p>El programa de actividades continuar\u00e1 el viernes en la Plaza C\u00edvica, donde se presentar\u00e1 el grupo High Life, una agrupaci\u00f3n originaria de la Ciudad de M\u00e9xico que interpreta versiones musicales tipo cover.<\/p>\n<p>Para el s\u00e1bado, la cartelera contempla una noche de salsa, mientras que el domingo se realizar\u00e1 una jornada dedicada al rock, con lo que se busca ofrecer opciones musicales para distintos p\u00fablicos durante el periodo vacacional.<\/p>\n<p>Cortina Mart\u00ednez destac\u00f3 que el objetivo de estas actividades es fortalecer la imagen tur\u00edstica del municipio y motivar la llegada de visitantes de diferentes regiones.<\/p>\n<p>\u201cBuscamos atraer turismo de diferentes puntos para que visiten Tuxpan y tambi\u00e9n generar una derrama econ\u00f3mica para los prestadores de servicios\u201d, indic\u00f3.<\/p>\n<p>En otro tema, el alcalde se refiri\u00f3 a la estrategia de seguridad que se implementar\u00e1 durante Semana Santa, especialmente ante el contexto de hechos violentos que se han registrado en el municipio en los \u00faltimos meses.<\/p>\n<p>Se\u00f1al\u00f3 que el operativo se realizar\u00e1 en coordinaci\u00f3n con autoridades estatales y federales, adem\u00e1s de corporaciones locales como Seguridad P\u00fablica, Protecci\u00f3n Civil y autoridades de salud, con el objetivo de garantizar la tranquilidad de los visitantes y habitantes.<\/p>\n<p>El edil explic\u00f3 que se contempla el reforzamiento de vigilancia con m\u00e1s elementos policiacos y patrullas, as\u00ed como la cobertura de distintos puntos estrat\u00e9gicos del municipio.<\/p>\n<p>El alcalde concluy\u00f3 reiterando el llamado a la poblaci\u00f3n y a los visitantes a disfrutar de las actividades programadas con responsabilidad, a fin de que el periodo vacacional se desarrolle en un ambiente familiar y ordenado.<\/p>\n","protected":false},"excerpt":{"rendered":"<p>Con una cartelera musical, actividades en playa y un operativo especial de seguridad, el Ayuntamiento de Tuxpan se prepara para<\/p>\n","protected":false},"author":4,"featured_media":81422,"comment_status":"closed","ping_status":"closed","sticky":false,"template":"","format":"standard","meta":{"colormag_page_container_layout":"default_layout","colormag_page_sidebar_layout":"default_layout","_jetpack_memberships_contains_paid_content":false,"footnotes":"","jetpack_publicize_message":"","jetpack_publicize_feature_enabled":true,"jetpack_social_post_already_shared":true,"jetpack_social_options":{"image_generator_settings":{"template":"highway","default_image_id":0,"font":"","enabled":false},"version":2}},"categories":[1082],"tags":[],"class_list":["post-81421","post","type-post","status-publish","format-standard","has-post-thumbnail","hentry","category-tuxpan"],"jetpack_publicize_connections":[],"jetpack_featured_media_url":"https:\/\/i0.wp.com\/politicosaldesnudo.com.mx\/wp-content\/uploads\/2026\/03\/FEST.jpg?fit=960%2C606&ssl=1","jetpack-related-posts":[],"jetpack_sharing_enabled":true,"_links":{"self":[{"href":"https:\/\/politicosaldesnudo.com.mx\/index.php\/wp-json\/wp\/v2\/posts\/81421","targetHints":{"allow":["GET"]}}],"collection":[{"href":"https:\/\/politicosaldesnudo.com.mx\/index.php\/wp-json\/wp\/v2\/posts"}],"about":[{"href":"https:\/\/politicosaldesnudo.com.mx\/index.php\/wp-json\/wp\/v2\/types\/post"}],"author":[{"embeddable":true,"href":"https:\/\/politicosaldesnudo.com.mx\/index.php\/wp-json\/wp\/v2\/users\/4"}],"replies":[{"embeddable":true,"href":"https:\/\/politicosaldesnudo.com.mx\/index.php\/wp-json\/wp\/v2\/comments?post=81421"}],"version-history":[{"count":0,"href":"https:\/\/politicosaldesnudo.com.mx\/index.php\/wp-json\/wp\/v2\/posts\/81421\/revisions"}],"wp:featuredmedia":[{"embeddable":true,"href":"https:\/\/politicosaldesnudo.com.mx\/index.php\/wp-json\/wp\/v2\/media\/81422"}],"wp:attachment":[{"href":"https:\/\/politicosaldesnudo.com.mx\/index.php\/wp-json\/wp\/v2\/media?parent=81421"}],"wp:term":[{"taxonomy":"category","embeddable":true,"href":"https:\/\/politicosaldesnudo.com.mx\/index.php\/wp-json\/wp\/v2\/categories?post=81421"},{"taxonomy":"post_tag","embeddable":true,"href":"https:\/\/politicosaldesnudo.com.mx\/index.php\/wp-json\/wp\/v2\/tags?post=81421"}],"curies":[{"name":"wp","href":"https:\/\/api.w.org\/{rel}","templated":true}]}}