{"id":81427,"date":"2026-03-13T00:04:56","date_gmt":"2026-03-13T06:04:56","guid":{"rendered":"https:\/\/politicosaldesnudo.com.mx\/?p=81427"},"modified":"2026-03-12T21:47:21","modified_gmt":"2026-03-13T03:47:21","slug":"promueven-regularizacion-de-gremio-musical","status":"publish","type":"post","link":"https:\/\/politicosaldesnudo.com.mx\/index.php\/2026\/03\/13\/promueven-regularizacion-de-gremio-musical\/","title":{"rendered":"Promueven regularizaci\u00f3n de gremio musical"},"content":{"rendered":"<p>Con el objetivo de fortalecer la organizaci\u00f3n del gremio musical y brindar mayores beneficios a sus integrantes, el delegado estatal del Sindicato Nacional de Trabajadores de la M\u00fasica de la Rep\u00fablica Mexicana, Roberto Curti Sol\u00eds, realiz\u00f3 una visita a la regi\u00f3n norte del estado para sostener reuniones informativas con m\u00fasicos y representantes sindicales.<\/p>\n<p>Explic\u00f3 que su presencia en esta zona forma parte de un recorrido que realizan desde Mart\u00ednez de la Torre hasta P\u00e1nuco, pasando por municipios como Guti\u00e9rrez Zamora, Papantla, Poza Rica, Tuxpan, \u00c1lamo, Cerro Azul, Naranjos, Pueblo Viejo y P\u00e1nuco, entre otros, con el prop\u00f3sito de informar sobre los programas del sindicato y apoyar en la regularizaci\u00f3n de las secciones locales.<\/p>\n<p>Detall\u00f3 que uno de los principales objetivos es actualizar y registrar a los integrantes ante el Centro Federal de Conciliaci\u00f3n y Registro Laboral, mediante formatos oficiales que posteriormente se env\u00edan a la dirigencia nacional. Una vez realizado el tr\u00e1mite, los m\u00fasicos reciben una credencial plastificada que acredita su registro a nivel nacional.<\/p>\n<p>El delegado se\u00f1al\u00f3 que este procedimiento tambi\u00e9n permite otorgar documentos de respaldo para quienes trabajan en eventos nocturnos o en otros municipios, brind\u00e1ndoles mayor seguridad laboral y protecci\u00f3n sindical.<\/p>\n<p>Asimismo, destac\u00f3 que el sindicato impulsa diversos programas en beneficio del gremio, entre ellos la gesti\u00f3n de seguridad social, escuelas de m\u00fasica, cl\u00ednicas y otros apoyos, con la finalidad de mejorar las condiciones de quienes se dedican profesionalmente a esta actividad.<\/p>\n<p>Respecto a la situaci\u00f3n actual del gremio, Curti Sol\u00eds reconoci\u00f3 que la pandemia provoc\u00f3 una fuerte ca\u00edda en las actividades musicales debido a la cancelaci\u00f3n de eventos y celebraciones, lo que llev\u00f3 incluso a que algunos grupos dejaran de trabajar.<\/p>\n<p>Sin embargo, se\u00f1al\u00f3 que en los \u00faltimos a\u00f1os se ha observado una recuperaci\u00f3n gradual gracias al regreso de bailes, fiestas patronales, eventos regionales y celebraciones privadas.<\/p>\n<p>En este contexto, subray\u00f3 la importancia de que los grupos musicales se encuentren regularizados dentro de la organizaci\u00f3n sindical, lo que les permitir\u00eda contar con respaldo y defensa en caso de enfrentar alg\u00fan problema laboral.<\/p>\n<p>Durante su visita a Tuxpan, tambi\u00e9n anunci\u00f3 que Salustrio Hern\u00e1ndez Reyes, de la secci\u00f3n 47, recibir\u00e1 su nombramiento como delegado regional de la zona norte, quien tendr\u00e1 la responsabilidad de coordinar las acciones del sindicato desde Mart\u00ednez de la Torre hasta P\u00e1nuco.<\/p>\n","protected":false},"excerpt":{"rendered":"<p>Con el objetivo de fortalecer la organizaci\u00f3n del gremio musical y brindar mayores beneficios a sus integrantes, el delegado estatal<\/p>\n","protected":false},"author":4,"featured_media":81428,"comment_status":"closed","ping_status":"closed","sticky":false,"template":"","format":"standard","meta":{"colormag_page_container_layout":"default_layout","colormag_page_sidebar_layout":"default_layout","_jetpack_memberships_contains_paid_content":false,"footnotes":"","jetpack_publicize_message":"","jetpack_publicize_feature_enabled":true,"jetpack_social_post_already_shared":true,"jetpack_social_options":{"image_generator_settings":{"template":"highway","default_image_id":0,"font":"","enabled":false},"version":2}},"categories":[1082],"tags":[],"class_list":["post-81427","post","type-post","status-publish","format-standard","has-post-thumbnail","hentry","category-tuxpan"],"jetpack_publicize_connections":[],"jetpack_featured_media_url":"https:\/\/i0.wp.com\/politicosaldesnudo.com.mx\/wp-content\/uploads\/2026\/03\/MUSI.jpg?fit=1200%2C903&ssl=1","jetpack-related-posts":[],"jetpack_sharing_enabled":true,"_links":{"self":[{"href":"https:\/\/politicosaldesnudo.com.mx\/index.php\/wp-json\/wp\/v2\/posts\/81427","targetHints":{"allow":["GET"]}}],"collection":[{"href":"https:\/\/politicosaldesnudo.com.mx\/index.php\/wp-json\/wp\/v2\/posts"}],"about":[{"href":"https:\/\/politicosaldesnudo.com.mx\/index.php\/wp-json\/wp\/v2\/types\/post"}],"author":[{"embeddable":true,"href":"https:\/\/politicosaldesnudo.com.mx\/index.php\/wp-json\/wp\/v2\/users\/4"}],"replies":[{"embeddable":true,"href":"https:\/\/politicosaldesnudo.com.mx\/index.php\/wp-json\/wp\/v2\/comments?post=81427"}],"version-history":[{"count":0,"href":"https:\/\/politicosaldesnudo.com.mx\/index.php\/wp-json\/wp\/v2\/posts\/81427\/revisions"}],"wp:featuredmedia":[{"embeddable":true,"href":"https:\/\/politicosaldesnudo.com.mx\/index.php\/wp-json\/wp\/v2\/media\/81428"}],"wp:attachment":[{"href":"https:\/\/politicosaldesnudo.com.mx\/index.php\/wp-json\/wp\/v2\/media?parent=81427"}],"wp:term":[{"taxonomy":"category","embeddable":true,"href":"https:\/\/politicosaldesnudo.com.mx\/index.php\/wp-json\/wp\/v2\/categories?post=81427"},{"taxonomy":"post_tag","embeddable":true,"href":"https:\/\/politicosaldesnudo.com.mx\/index.php\/wp-json\/wp\/v2\/tags?post=81427"}],"curies":[{"name":"wp","href":"https:\/\/api.w.org\/{rel}","templated":true}]}}