{"id":81433,"date":"2026-03-13T00:06:40","date_gmt":"2026-03-13T06:06:40","guid":{"rendered":"https:\/\/politicosaldesnudo.com.mx\/?p=81433"},"modified":"2026-03-12T22:01:43","modified_gmt":"2026-03-13T04:01:43","slug":"pt-advierte-riesgos-a-la-autonomia-municipal-con-plan-b-de-reforma-electoral","status":"publish","type":"post","link":"https:\/\/politicosaldesnudo.com.mx\/index.php\/2026\/03\/13\/pt-advierte-riesgos-a-la-autonomia-municipal-con-plan-b-de-reforma-electoral\/","title":{"rendered":"PT advierte riesgos a la autonom\u00eda municipal con Plan B de reforma electoral"},"content":{"rendered":"<p class=\"nota-justify\" data-start=\"145\" data-end=\"241\">La bancada del Partido del Trabajo (PT) en la C\u00e1mara de Diputados hizo observaciones a elementos considerados en el denominado \u201cplan b\u201d: se\u00f1al\u00f3 que, \u201csi todo se quiere llevar a consulta, \u00bfpara qu\u00e9 sirven los congresos y los ayuntamientos?\u201d y alert\u00f3 que podr\u00eda afectarse la autonom\u00eda municipal definida en el art\u00edculo 115 constitucional.<\/p>\n<p class=\"nota-justify\" data-start=\"145\" data-end=\"241\">Adem\u00e1s, el coordinador de la bancada, Reginaldo Sandoval Flores, expres\u00f3 que al partido le \u201cinquieta\u201d la reducci\u00f3n que se propone al presupuesto de los Congresos de los estados y las alcald\u00edas.<\/p>\n<p class=\"nota-justify\" data-start=\"145\" data-end=\"241\">\u201cY es lo que estamos en reflexi\u00f3n. \u00bfEn el fondo cu\u00e1l es la intenci\u00f3n? Si es avanzar en la democracia o cerrar espacios a la democracia. Esa es la clave que hay que resolver\u201d, dijo en entrevista despu\u00e9s de la reuni\u00f3n en Palacio Nacional, que termin\u00f3 la madrugada de hoy.<\/p>\n<p class=\"nota-justify\" data-start=\"145\" data-end=\"241\">Insisti\u00f3 que la postura del PT es no regresar al partido hegem\u00f3nico, \u00fanico \u201cporque no es correcto. M\u00e9xico es muy plural, diverso y hay que incluir\u2026 si todo es consulta y que la gente resuelva en una encuesta el rumbo a tomar\u201d, ha que preguntarse qu\u00e9 tipo de institucionalidad se construye para el pa\u00eds y qu\u00e9 tipo de rep\u00fablica se plantea\u201d.<\/p>\n<p class=\"nota-justify\" data-start=\"145\" data-end=\"241\">Esto es, abund\u00f3, M\u00e9xico \u201c\u00bfes una rep\u00fablica centralista o federativa? \u00bfEn d\u00f3nde est\u00e1 el concepto de respeto a los estados o qu\u00e9 l\u00ednea se les marca?\u201d<\/p>\n<p class=\"nota-justify\" data-start=\"145\" data-end=\"241\">Reconoci\u00f3 que a nivel estatal hay estructuras exageradas y ejemplific\u00f3 que el costo por diputado en Colima es de 5 millones de pesos y de 34 millones de peso por legislador en Baja California, y eso hay que ajustarlo y corregirlo.<\/p>\n<p class=\"nota-justify\" data-start=\"145\" data-end=\"241\">Tambi\u00e9n, admiti\u00f3 que se ha exagerado el n\u00famero de regidores, pero debe ponderarse que la gran mayor\u00eda de los municipios gastan su presupuesto en n\u00f3mina y se han convertido \u201cen bolsas de trabajo ante el desempleo\u201d.<\/p>\n<p class=\"nota-justify\" data-start=\"145\" data-end=\"241\">No obstante, se\u00f1al\u00f3 que aceptar consultas populares para preguntar sobre el presupuesto a los partidos ser\u00e1 \u201cuna reforma de gran calado\u201d, pero todo est\u00e1 a revisi\u00f3n, porque la discusi\u00f3n, \u201cotra vez tiene que ver con el concepto de qu\u00e9 rep\u00fablica queremos.<\/p>\n<p class=\"nota-justify\" data-start=\"145\" data-end=\"241\"><strong>\u00bfCentralista o federativa?\u201d<\/strong><\/p>\n<p class=\"nota-justify\" data-start=\"145\" data-end=\"241\">Asimismo, lament\u00f3 que contin\u00faa la campa\u00f1a de ataques a su partido por no aprobar la iniciativa presidencial en materia electoral.<\/p>\n<p class=\"nota-justify\" data-start=\"145\" data-end=\"241\">No proviene, dijo, del Ejecutivo, sino del sector duro de Morena, donde \u201cno nos tratan correctamente y nosotros nos defendemos. Hemos sido mucho m\u00e1s correctos en el trato hacia ellos, que ellos hacia nosotros. De eso no tengo ninguna duda\u201d.<\/p>\n<p class=\"nota-justify\" data-start=\"145\" data-end=\"241\">Incluso se\u00f1al\u00f3 que a Morena \u201cle falta autocr\u00edtica\u201d y reconocer las aportaciones del PT al proceso de transici\u00f3n, desde su primer respaldo a Andr\u00e9s Manuel L\u00f3pez Obrador en 2006, \u201ccuando sin nuestros votos no hubiera ganado\u201d la jefatura de Gobierno capitalino.<\/p>\n<p class=\"nota-justify\" data-start=\"145\" data-end=\"241\">\u201cAyudamos a fundar y a formar Morena, como asociaci\u00f3n y movimiento y partido. Juntos ganamos en 2018, y, bueno, ahora se nos trata como si fu\u00e9ramos extra\u00f1os y como si no aport\u00e1ramos nada\u201d, se\u00f1al\u00f3.<\/p>\n","protected":false},"excerpt":{"rendered":"<p>La bancada del Partido del Trabajo (PT) en la C\u00e1mara de Diputados hizo observaciones a elementos considerados en el denominado<\/p>\n","protected":false},"author":4,"featured_media":81434,"comment_status":"closed","ping_status":"closed","sticky":false,"template":"","format":"standard","meta":{"colormag_page_container_layout":"default_layout","colormag_page_sidebar_layout":"default_layout","_jetpack_memberships_contains_paid_content":false,"footnotes":"","jetpack_publicize_message":"","jetpack_publicize_feature_enabled":true,"jetpack_social_post_already_shared":true,"jetpack_social_options":{"image_generator_settings":{"template":"highway","default_image_id":0,"font":"","enabled":false},"version":2}},"categories":[33],"tags":[],"class_list":["post-81433","post","type-post","status-publish","format-standard","has-post-thumbnail","hentry","category-nacional"],"jetpack_publicize_connections":[],"jetpack_featured_media_url":"https:\/\/i0.wp.com\/politicosaldesnudo.com.mx\/wp-content\/uploads\/2026\/03\/BECA-1.jpg?fit=1200%2C800&ssl=1","jetpack-related-posts":[],"jetpack_sharing_enabled":true,"_links":{"self":[{"href":"https:\/\/politicosaldesnudo.com.mx\/index.php\/wp-json\/wp\/v2\/posts\/81433","targetHints":{"allow":["GET"]}}],"collection":[{"href":"https:\/\/politicosaldesnudo.com.mx\/index.php\/wp-json\/wp\/v2\/posts"}],"about":[{"href":"https:\/\/politicosaldesnudo.com.mx\/index.php\/wp-json\/wp\/v2\/types\/post"}],"author":[{"embeddable":true,"href":"https:\/\/politicosaldesnudo.com.mx\/index.php\/wp-json\/wp\/v2\/users\/4"}],"replies":[{"embeddable":true,"href":"https:\/\/politicosaldesnudo.com.mx\/index.php\/wp-json\/wp\/v2\/comments?post=81433"}],"version-history":[{"count":0,"href":"https:\/\/politicosaldesnudo.com.mx\/index.php\/wp-json\/wp\/v2\/posts\/81433\/revisions"}],"wp:featuredmedia":[{"embeddable":true,"href":"https:\/\/politicosaldesnudo.com.mx\/index.php\/wp-json\/wp\/v2\/media\/81434"}],"wp:attachment":[{"href":"https:\/\/politicosaldesnudo.com.mx\/index.php\/wp-json\/wp\/v2\/media?parent=81433"}],"wp:term":[{"taxonomy":"category","embeddable":true,"href":"https:\/\/politicosaldesnudo.com.mx\/index.php\/wp-json\/wp\/v2\/categories?post=81433"},{"taxonomy":"post_tag","embeddable":true,"href":"https:\/\/politicosaldesnudo.com.mx\/index.php\/wp-json\/wp\/v2\/tags?post=81433"}],"curies":[{"name":"wp","href":"https:\/\/api.w.org\/{rel}","templated":true}]}}