{"id":81436,"date":"2026-03-13T00:07:07","date_gmt":"2026-03-13T06:07:07","guid":{"rendered":"https:\/\/politicosaldesnudo.com.mx\/?p=81436"},"modified":"2026-03-12T22:03:27","modified_gmt":"2026-03-13T04:03:27","slug":"ine-avalo-268-ascensos-mientras-se-enterraba-la-reforma-electoral","status":"publish","type":"post","link":"https:\/\/politicosaldesnudo.com.mx\/index.php\/2026\/03\/13\/ine-avalo-268-ascensos-mientras-se-enterraba-la-reforma-electoral\/","title":{"rendered":"INE aval\u00f3 268 ascensos mientras se enterraba la reforma electoral"},"content":{"rendered":"<p>Mientras en la C\u00e1mara de Diputados se discut\u00eda la reforma electoral, la Junta General Ejecutiva del Instituto Nacional Electoral (INE) aprob\u00f3 ascensos para 268 integrantes del Servicio Profesional Electoral Nacional (SPEN), equivalente a 10 por ciento de esta plantilla especializada.<\/p>\n<p>Como parte del reconocimiento \u2013denominado \u201ctitularidad\u201d\u2013 se les dar\u00e1 un pago extraordinario \u00fanico de 5 mil pesos al momento que reciban su compensaci\u00f3n garantizada del mes, como bono por haber obtenido el rango \u201cA\u201d.<\/p>\n<p>Igualmente, a la par en que en San L\u00e1zaro se desechaba la enmienda y se abr\u00eda paso a cambios electorales por v\u00eda de la legislaci\u00f3n secundaria, la junta daba luz verde a distintos cambios en las normas del \u00f3rgano.<\/p>\n<p>Por ejemplo, aprob\u00f3 los lineamientos del SPEN. Este sistema est\u00e1 integrado por 3 mil 224 personas (2 mil 594 del INE y el resto se encuentra adscrito a los organismos p\u00fablicos locales o institutos comiciales de las entidades federativas), seg\u00fan los \u00faltimos datos oficiales disponibles.<\/p>\n<p>A partir del SPEN se regulan los ingresos, reincorporaciones y ascensos. Por ejemplo, en la sesi\u00f3n de este mi\u00e9rcoles se aprob\u00f3 la reincorporaci\u00f3n de un vocal ejecutivo de la junta 10, con sede en Zapopan, Jalisco, quien durante tres a\u00f1os fue asesor de la Secretar\u00eda Ejecutiva y luego de la presidencia del Consejo General del instituto, y ahora regresa a su base, cuyo sueldo ronda 90 mil pesos mensuales brutos.<\/p>\n<p>El INE tiene una n\u00f3mina fija de poco m\u00e1s de 15 mil plazas, m\u00e1s los denominados \u201chonorarios permanentes\u201d y personal eventual para actividades espec\u00edficas.<\/p>\n<p>De 581 miembros del SPEN que se anotaron para el aumento, se decidi\u00f3 ascender a 270; al final la cifra qued\u00f3 en 268, porque uno falleci\u00f3 y otro renunci\u00f3 al instituto.<\/p>\n<p>En cuanto a los lineamientos para la profesionalizaci\u00f3n y capacitaci\u00f3n del personal del SPEN, se indic\u00f3 que uno de los objetivos es hacer una \u201carmonizaci\u00f3n normativa\u201d a fin de concentrar el tema en un solo instrumento.<\/p>\n<p>\u201cEl prop\u00f3sito es eliminar duplicidades, simplificar tr\u00e1mites y armonizar disposiciones, actualmente contenidas en seis instrumentos distintos\u201d, dijo el responsable del servicio, Jorge Egren Moreno.<\/p>\n<p>Esta actualizaci\u00f3n incorpora la simplificaci\u00f3n administrativa, la armonizaci\u00f3n normativa, \u201cla centralidad en la persona\u201d y el uso de lenguaje incluyente. Los cambios van de acuerdo con el plan institucional del INE 2016-2026.<\/p>\n<p>Aparte, en esta sesi\u00f3n \u2013encabezada por la secretaria ejecutiva, Claudia Arlett Espino, quien mencion\u00f3 que la consejera presidenta, Guadalupe Taddei, se encontraba en \u201cuna reuni\u00f3n\u201d\u2013 se inform\u00f3 de asuntos relacionados con los preparativos de la elecci\u00f3n para renovar el Congreso de Coahuila.<\/p>\n<p>El Instituto Electoral de esa entidad transferir\u00e1 al INE 6.4 millones de pesos, equivalente a 50 por ciento de lo requerido para apoyo en la limpieza de los sitios donde se instalar\u00e1n casillas en el proceso de junio pr\u00f3ximo; asimismo, para compra de alimentos para los ciudadanos que ser\u00e1n funcionarios de casilla.<\/p>\n","protected":false},"excerpt":{"rendered":"<p>Mientras en la C\u00e1mara de Diputados se discut\u00eda la reforma electoral, la Junta General Ejecutiva del Instituto Nacional Electoral (INE)<\/p>\n","protected":false},"author":4,"featured_media":81437,"comment_status":"closed","ping_status":"closed","sticky":false,"template":"","format":"standard","meta":{"colormag_page_container_layout":"default_layout","colormag_page_sidebar_layout":"default_layout","_jetpack_memberships_contains_paid_content":false,"footnotes":"","jetpack_publicize_message":"","jetpack_publicize_feature_enabled":true,"jetpack_social_post_already_shared":true,"jetpack_social_options":{"image_generator_settings":{"template":"highway","default_image_id":0,"font":"","enabled":false},"version":2}},"categories":[33],"tags":[],"class_list":["post-81436","post","type-post","status-publish","format-standard","has-post-thumbnail","hentry","category-nacional"],"jetpack_publicize_connections":[],"jetpack_featured_media_url":"https:\/\/i0.wp.com\/politicosaldesnudo.com.mx\/wp-content\/uploads\/2026\/03\/INES.jpg?fit=1200%2C800&ssl=1","jetpack-related-posts":[],"jetpack_sharing_enabled":true,"_links":{"self":[{"href":"https:\/\/politicosaldesnudo.com.mx\/index.php\/wp-json\/wp\/v2\/posts\/81436","targetHints":{"allow":["GET"]}}],"collection":[{"href":"https:\/\/politicosaldesnudo.com.mx\/index.php\/wp-json\/wp\/v2\/posts"}],"about":[{"href":"https:\/\/politicosaldesnudo.com.mx\/index.php\/wp-json\/wp\/v2\/types\/post"}],"author":[{"embeddable":true,"href":"https:\/\/politicosaldesnudo.com.mx\/index.php\/wp-json\/wp\/v2\/users\/4"}],"replies":[{"embeddable":true,"href":"https:\/\/politicosaldesnudo.com.mx\/index.php\/wp-json\/wp\/v2\/comments?post=81436"}],"version-history":[{"count":0,"href":"https:\/\/politicosaldesnudo.com.mx\/index.php\/wp-json\/wp\/v2\/posts\/81436\/revisions"}],"wp:featuredmedia":[{"embeddable":true,"href":"https:\/\/politicosaldesnudo.com.mx\/index.php\/wp-json\/wp\/v2\/media\/81437"}],"wp:attachment":[{"href":"https:\/\/politicosaldesnudo.com.mx\/index.php\/wp-json\/wp\/v2\/media?parent=81436"}],"wp:term":[{"taxonomy":"category","embeddable":true,"href":"https:\/\/politicosaldesnudo.com.mx\/index.php\/wp-json\/wp\/v2\/categories?post=81436"},{"taxonomy":"post_tag","embeddable":true,"href":"https:\/\/politicosaldesnudo.com.mx\/index.php\/wp-json\/wp\/v2\/tags?post=81436"}],"curies":[{"name":"wp","href":"https:\/\/api.w.org\/{rel}","templated":true}]}}