{"id":81448,"date":"2026-03-13T00:11:04","date_gmt":"2026-03-13T06:11:04","guid":{"rendered":"https:\/\/politicosaldesnudo.com.mx\/?p=81448"},"modified":"2026-03-12T22:20:21","modified_gmt":"2026-03-13T04:20:21","slug":"preve-hacienda-que-guerra-en-medio-oriente-tenga-impacto-corto-en-mexico","status":"publish","type":"post","link":"https:\/\/politicosaldesnudo.com.mx\/index.php\/2026\/03\/13\/preve-hacienda-que-guerra-en-medio-oriente-tenga-impacto-corto-en-mexico\/","title":{"rendered":"Prev\u00e9 Hacienda que guerra en Medio Oriente tenga impacto corto en M\u00e9xico"},"content":{"rendered":"<p class=\"nota-justify\" dir=\"ltr\">Los efectos de la guerra en Medio Oriente tendr\u00e1n un \u201cefecto corto\u201d en M\u00e9xico, asegur\u00f3 \u00c9dgar Amador Zamora, titular de la Secretar\u00eda de Hacienda y Cr\u00e9dito P\u00fablico, por lo que pidi\u00f3 tranquilidad ante posibles efectos en el precio de la gasolina.<\/p>\n<p class=\"nota-justify\" dir=\"ltr\">Al terminar un evento de la Secretar\u00eda de Econom\u00eda, el encargado de las finanzas p\u00fablicas del pa\u00eds destac\u00f3 que M\u00e9xico cuenta con un mecanismo vigente desde 2019, el cual sirve para contener el alza de los precios de los combustibles.<\/p>\n<p class=\"nota-justify\" dir=\"ltr\">\u201cEl mecanismo existe, es muy claro, muy transparente y se activa adecuando las variables del mercado\u00bb, destac\u00f3.<\/p>\n<p class=\"nota-justify\" dir=\"ltr\">Actualmente los precios internacionales del petr\u00f3leo se enfrentan a alta volatilidad como consecuencia del conflicto b\u00e9lico entre Estados Unidos &#8211; Israel con Ir\u00e1n, llevando su valor a niveles por encima de 100 d\u00f3lares por barril, lo que no se ve\u00eda desde 2022, cuando estall\u00f3 la guerra entre Rusia y Ucrania.<\/p>\n<p class=\"nota-justify\" dir=\"ltr\">Amador Zamora explic\u00f3 que un eventual impacto que puede tener el actual conflicto sobre las finanzas p\u00fablicas de M\u00e9xico depender\u00e1 de la evoluci\u00f3n de variables como el precio del petr\u00f3leo y los niveles que alcance el est\u00edmulo fiscal a combustibles.<\/p>\n","protected":false},"excerpt":{"rendered":"<p>Los efectos de la guerra en Medio Oriente tendr\u00e1n un \u201cefecto corto\u201d en M\u00e9xico, asegur\u00f3 \u00c9dgar Amador Zamora, titular de<\/p>\n","protected":false},"author":4,"featured_media":81449,"comment_status":"closed","ping_status":"closed","sticky":false,"template":"","format":"standard","meta":{"colormag_page_container_layout":"default_layout","colormag_page_sidebar_layout":"default_layout","_jetpack_memberships_contains_paid_content":false,"footnotes":"","jetpack_publicize_message":"","jetpack_publicize_feature_enabled":true,"jetpack_social_post_already_shared":true,"jetpack_social_options":{"image_generator_settings":{"template":"highway","default_image_id":0,"font":"","enabled":false},"version":2}},"categories":[2050],"tags":[],"class_list":["post-81448","post","type-post","status-publish","format-standard","has-post-thumbnail","hentry","category-economia"],"jetpack_publicize_connections":[],"jetpack_featured_media_url":"https:\/\/i0.wp.com\/politicosaldesnudo.com.mx\/wp-content\/uploads\/2026\/03\/GUER.jpg?fit=1200%2C800&ssl=1","jetpack-related-posts":[],"jetpack_sharing_enabled":true,"_links":{"self":[{"href":"https:\/\/politicosaldesnudo.com.mx\/index.php\/wp-json\/wp\/v2\/posts\/81448","targetHints":{"allow":["GET"]}}],"collection":[{"href":"https:\/\/politicosaldesnudo.com.mx\/index.php\/wp-json\/wp\/v2\/posts"}],"about":[{"href":"https:\/\/politicosaldesnudo.com.mx\/index.php\/wp-json\/wp\/v2\/types\/post"}],"author":[{"embeddable":true,"href":"https:\/\/politicosaldesnudo.com.mx\/index.php\/wp-json\/wp\/v2\/users\/4"}],"replies":[{"embeddable":true,"href":"https:\/\/politicosaldesnudo.com.mx\/index.php\/wp-json\/wp\/v2\/comments?post=81448"}],"version-history":[{"count":0,"href":"https:\/\/politicosaldesnudo.com.mx\/index.php\/wp-json\/wp\/v2\/posts\/81448\/revisions"}],"wp:featuredmedia":[{"embeddable":true,"href":"https:\/\/politicosaldesnudo.com.mx\/index.php\/wp-json\/wp\/v2\/media\/81449"}],"wp:attachment":[{"href":"https:\/\/politicosaldesnudo.com.mx\/index.php\/wp-json\/wp\/v2\/media?parent=81448"}],"wp:term":[{"taxonomy":"category","embeddable":true,"href":"https:\/\/politicosaldesnudo.com.mx\/index.php\/wp-json\/wp\/v2\/categories?post=81448"},{"taxonomy":"post_tag","embeddable":true,"href":"https:\/\/politicosaldesnudo.com.mx\/index.php\/wp-json\/wp\/v2\/tags?post=81448"}],"curies":[{"name":"wp","href":"https:\/\/api.w.org\/{rel}","templated":true}]}}