{"id":8146,"date":"2022-07-23T08:14:57","date_gmt":"2022-07-23T13:14:57","guid":{"rendered":"https:\/\/politicosaldesnudo.com.mx\/?p=8146"},"modified":"2022-07-23T08:17:14","modified_gmt":"2022-07-23T13:17:14","slug":"incluye-eu-a-expresidente-de-paraguay-horacio-manuel-cartes-en-lista-de-corruptos","status":"publish","type":"post","link":"https:\/\/politicosaldesnudo.com.mx\/index.php\/2022\/07\/23\/incluye-eu-a-expresidente-de-paraguay-horacio-manuel-cartes-en-lista-de-corruptos\/","title":{"rendered":"Incluye EU a expresidente de Paraguay, Horacio Cartes en lista de corruptos"},"content":{"rendered":"<p>&nbsp;<\/p>\n<p class=\"p1\"><span style=\"font-size: 14pt;\"><em><strong>MIAMI, EU.<\/strong> <\/em><strong>Un expresidente de Paraguay que ha sido investigado por su supuesta participaci\u00f3n en operaciones de lavado de dinero<\/strong> fue incluido en una lista de corrupci\u00f3n de Estados Unidos.<\/span><\/p>\n<p class=\"p1\"><span style=\"font-size: 18pt;\"><strong>El Departamento de Estado anunci\u00f3 la designaci\u00f3n del expresidente Horacio Cartes \u201cpor su participaci\u00f3n en importantes actos de corrupci\u00f3n\u201d.<\/strong><\/span><\/p>\n<p class=\"p1\"><span style=\"font-size: 14pt;\">Horacio Cartes se desempe\u00f1\u00f3 como presidente de Paraguay entre agosto de 2013 y agosto de 2018. Es propietario de un conglomerado de unas 25 empresas, incluidas empresas de medios y tabacaleras, y una cadena de supermercados. El expresidente ha sido investigado por supuestas irregularidades en su patrimonio multimillonario y por sus supuestos v\u00ednculos con el l\u00edder de una red de lavado de dinero.<\/span><\/p>\n<p class=\"p1\"><span style=\"font-size: 18pt;\"><strong>El expresidente \u201cobstruy\u00f3 una importante investigaci\u00f3n internacional sobre el crimen transnacional para protegerse a s\u00ed mismo y a su socio criminal de un posible enjuiciamiento y da\u00f1o pol\u00edtico\u201d, dijo el secretario de Estado Antony Blinken en un comunicado.<\/strong><\/span><\/p>\n<p class=\"p1\"><span style=\"font-size: 14pt;\">Agreg\u00f3 que sus acciones \u201csocavaron la estabilidad de las instituciones democr\u00e1ticas de Paraguay\u201d y permitieron la participaci\u00f3n de Cartes con \u201corganizaciones terroristas extranjeras\u201d y otras entidades designadas por Estados Unidos.\u00a0La declaraci\u00f3n no proporcion\u00f3 detalles sobre las investigaciones o la supuesta participaci\u00f3n en actividades terroristas.<\/span><\/p>\n<p class=\"p1\"><span style=\"font-size: 18pt;\"><strong>El empresario Horacio Cartes quien actualmente busca ser el nuevo presidente de su partido pol\u00edtico conservador Partido Colorado, dijo que las acusaciones son infundadas.<\/strong><\/span><\/p>\n<blockquote>\n<p class=\"p1\"><span style=\"font-size: 14pt;\">\u201cNiego y rechazo el contenido de las acusaciones\u201d, dijo Horacio Cartes en Twitter. Agreg\u00f3 que est\u00e1 \u201ccomprometida a ofrecer todo el apoyo y la informaci\u00f3n de primera fuente que las autoridades necesiten para aclarar\u201d cualquier cosa.<\/span><\/p>\n<\/blockquote>\n<blockquote class=\"twitter-tweet\" data-width=\"550\" data-dnt=\"true\">\n<p lang=\"zxx\" dir=\"ltr\"><a href=\"https:\/\/t.co\/pa8MFavyhf\">pic.twitter.com\/pa8MFavyhf<\/a><\/p>\n<p>&mdash; Horacio Cartes (@Horacio_Cartes) <a href=\"https:\/\/twitter.com\/Horacio_Cartes\/status\/1550551303415267329?ref_src=twsrc%5Etfw\">July 22, 2022<\/a><\/p><\/blockquote>\n<p><script async src=\"https:\/\/platform.twitter.com\/widgets.js\" charset=\"utf-8\"><\/script><\/p>\n<p>&nbsp;<\/p>\n<p class=\"p1\"><span style=\"font-size: 14pt;\">Para diciembre est\u00e1 prevista la elecci\u00f3n interna del nuevo presidente del oficialista Partido Colorado.\u00a0Cartes compite con el actual presidente de Paraguay, Mario Abdo Ben\u00edtez, para ser el pr\u00f3ximo presidente de este partido pol\u00edtico.<\/span><\/p>\n<p class=\"p1\"><span style=\"font-size: 18pt;\"><strong>Adem\u00e1s del expresidente, en la lista de corrupci\u00f3n fueron incluidos sus hijos mayores de edad Juan Pablo Cartes Monta\u00f1a, Sof\u00eda Cartes Monta\u00f1a y Mar\u00eda Sol Cartes Monta\u00f1a.<\/strong><\/span><\/p>\n<p class=\"p1\"><span style=\"font-size: 14pt;\">En una conferencia de prensa en la Embajada de los Estados Unidos en Asunci\u00f3n el viernes por la ma\u00f1ana, el embajador Marc Ostfield dijo que es probable que haya m\u00e1s designaciones de este tipo.<\/span><\/p>\n<p class=\"p1\"><span style=\"font-size: 18pt;\"><strong>El embajador se neg\u00f3 a proporcionar detalles sobre las investigaciones en curso sobre el expresidente.<\/strong><\/span><\/p>\n<p>&nbsp;<\/p>\n<p>&nbsp;<\/p>\n<p>&nbsp;<\/p>\n<p>&nbsp;<\/p>\n","protected":false},"excerpt":{"rendered":"<p>&nbsp; MIAMI, EU. Un expresidente de Paraguay que ha sido investigado por su supuesta participaci\u00f3n en operaciones de lavado de<\/p>\n","protected":false},"author":4,"featured_media":8147,"comment_status":"closed","ping_status":"closed","sticky":false,"template":"","format":"standard","meta":{"colormag_page_container_layout":"default_layout","colormag_page_sidebar_layout":"default_layout","_jetpack_memberships_contains_paid_content":false,"footnotes":"","jetpack_publicize_message":"","jetpack_publicize_feature_enabled":true,"jetpack_social_post_already_shared":false,"jetpack_social_options":{"image_generator_settings":{"template":"highway","default_image_id":0,"font":"","enabled":false},"version":2}},"categories":[28],"tags":[1067,269,1207,86],"class_list":["post-8146","post","type-post","status-publish","format-standard","has-post-thumbnail","hentry","category-internacional","tag-corrupcion","tag-estados-unidos","tag-horacio-manuel-cartes","tag-paraguay"],"jetpack_publicize_connections":[],"jetpack_featured_media_url":"https:\/\/i0.wp.com\/politicosaldesnudo.com.mx\/wp-content\/uploads\/2022\/07\/P-HORACIOMANUELCARTES.png?fit=1816%2C1016&ssl=1","jetpack-related-posts":[],"jetpack_sharing_enabled":true,"_links":{"self":[{"href":"https:\/\/politicosaldesnudo.com.mx\/index.php\/wp-json\/wp\/v2\/posts\/8146","targetHints":{"allow":["GET"]}}],"collection":[{"href":"https:\/\/politicosaldesnudo.com.mx\/index.php\/wp-json\/wp\/v2\/posts"}],"about":[{"href":"https:\/\/politicosaldesnudo.com.mx\/index.php\/wp-json\/wp\/v2\/types\/post"}],"author":[{"embeddable":true,"href":"https:\/\/politicosaldesnudo.com.mx\/index.php\/wp-json\/wp\/v2\/users\/4"}],"replies":[{"embeddable":true,"href":"https:\/\/politicosaldesnudo.com.mx\/index.php\/wp-json\/wp\/v2\/comments?post=8146"}],"version-history":[{"count":0,"href":"https:\/\/politicosaldesnudo.com.mx\/index.php\/wp-json\/wp\/v2\/posts\/8146\/revisions"}],"wp:featuredmedia":[{"embeddable":true,"href":"https:\/\/politicosaldesnudo.com.mx\/index.php\/wp-json\/wp\/v2\/media\/8147"}],"wp:attachment":[{"href":"https:\/\/politicosaldesnudo.com.mx\/index.php\/wp-json\/wp\/v2\/media?parent=8146"}],"wp:term":[{"taxonomy":"category","embeddable":true,"href":"https:\/\/politicosaldesnudo.com.mx\/index.php\/wp-json\/wp\/v2\/categories?post=8146"},{"taxonomy":"post_tag","embeddable":true,"href":"https:\/\/politicosaldesnudo.com.mx\/index.php\/wp-json\/wp\/v2\/tags?post=8146"}],"curies":[{"name":"wp","href":"https:\/\/api.w.org\/{rel}","templated":true}]}}