{"id":81460,"date":"2026-03-13T00:15:24","date_gmt":"2026-03-13T06:15:24","guid":{"rendered":"https:\/\/politicosaldesnudo.com.mx\/?p=81460"},"modified":"2026-03-12T22:28:43","modified_gmt":"2026-03-13T04:28:43","slug":"alicia-barcena-visita-planta-cervecera-de-grupo-modelo-en-zacatecas","status":"publish","type":"post","link":"https:\/\/politicosaldesnudo.com.mx\/index.php\/2026\/03\/13\/alicia-barcena-visita-planta-cervecera-de-grupo-modelo-en-zacatecas\/","title":{"rendered":"Alicia B\u00e1rcena visita planta cervecera de Grupo Modelo en Zacatecas"},"content":{"rendered":"<p class=\"nota-justify\">Alicia B\u00e1rcena Ibarra, la titular de la Semarnat, visit\u00f3 Zacatecas para cubrir una agenda de trabajo acompa\u00f1ada por el gobernador David Monreal \u00c1vila, que incluy\u00f3 una reuni\u00f3n con altos funcionarios de la Compa\u00f1\u00eda Cervecera de Zacatecas, propiedad de la trasnacional Grupo Modelo \u2013 AB Inveb, la planta productora de cerveza m\u00e1s grande del mundo, seg\u00fan la propia empresa, que produce 24 millones de latas y botellas de esta bebida diariamente.<\/p>\n<p class=\"nota-justify\">Entre otras actividades, la funcionaria federal hizo un recorrido por el interior de la gigantesca planta cervecera, donde sus directivos explicaron c\u00f3mo funciona el programa de \u201cAguas Firmes\u201d, creado para presuntamente reducir el consumo excesivo de agua en el acu\u00edfero del municipio de Calera, donde est\u00e1 ubicada, 25 kil\u00f3metros al norte de la ciudad de Zacatecas.<\/p>\n<p class=\"nota-justify\">De acuerdo con informaci\u00f3n oficial de la Comisi\u00f3n Nacional del Agua, de los 34 acu\u00edferos del estado de Zacatecas, el de Calera \u201ces la reserva de agua subterr\u00e1nea m\u00e1s estrat\u00e9gica y, a la vez, la m\u00e1s presionada del estado\u201d. Seg\u00fan la \u00faltima actualizaci\u00f3n de disponibilidad de la Conagua (publicada en el DOF y ratificada en informes de mayo de 2025), su situaci\u00f3n es considerada \u201ccr\u00edtica\u201d, pues presenta un d\u00e9ficit h\u00eddrico. Tiene una disponibilidad media anual negativa de aproximadamente 67 a 72 millones de metros c\u00fabicos, esto es, que se extrae mucha m\u00e1s agua de la que se recarga de forma natural.<\/p>\n<p class=\"nota-justify\">Inaugurada en 1997 por Ernesto Zedillo Ponce de Le\u00f3n \u2013de capitales espa\u00f1oles inicialmente-, la empresa cervecera ha sido objeto de frecuentes protestas y cr\u00edticas de productores agr\u00edcolas y pecuarios de la regi\u00f3n, durante las \u00faltimas dos d\u00e9cadas, pues aparte de \u201cbajar\u201d el nivel fre\u00e1tico del acu\u00edfero, Grupo Modelo ha incumplido los contratos de compra de cebada que mediante contratos, al principio se comprometi\u00f3 a adquirir, tras convencer a los campesinos locales de sembrar cebada maltera en lugar de frijol y ma\u00edz.<\/p>\n<p class=\"nota-justify\">Durante su gira de trabajo al lugar, realizada la tarde del mi\u00e9rcoles 11 de marzo, Alicia B\u00e1rcena \u2013se inform\u00f3 mediante un comunicado del gobierno de Zacatecas-, tambi\u00e9n \u201crealiz\u00f3 un recorrido de campo para conocer el proyecto Aguas Firmes, que se desarrolla en la comunidad El Maguey, donde directivos de Grupo Modelo, parte de AB InBev, presentaron los avances de una estrategia integral para el cuidado del agua, la recarga de acu\u00edferos, la agricultura de conservaci\u00f3n, el monitoreo t\u00e9cnico y la gobernanza territorial\u201d.<\/p>\n<p class=\"nota-justify\">Alicia B\u00e1rcena se encontr\u00f3 en la gira de trabajo con Ra\u00fal Escalante, vicepresidente de Grupo Modelo; Ingrid De Ryck, Chef Sustainability Officer (CSO) de AB InBev; Jos\u00e9 Antonio Alfaro D\u00edaz, Head Corporate Affairs para M\u00e9xico y Middle Americas de AB InBev.<\/p>\n<p class=\"nota-justify\">David Monreal \u00c1vila y Alicia B\u00e1rcena realizaron adem\u00e1s un recorrido en \u201cproyectos de agricultura de conservaci\u00f3n y tecnificaci\u00f3n h\u00eddrica\u201d, en comunidades del municipio de la capital del estado, El Maguey y Cieneguillas, \u201cdonde se llevan a cabo obras en parcelas agr\u00edcolas y zonas de monitoreo del proyecto Aguas Firmes\u201d.<\/p>\n<p class=\"nota-justify\">En el encuentro, se se\u00f1ala, directivos de la cervecera dieron a conocer que han realizado, presuntamente, una \u201cinversi\u00f3n acumulada de 24.4 millones de d\u00f3lares entre 2021 y 2027, con resultados de 8 millones de metros c\u00fabicos de infiltraci\u00f3n potencial (sic) en Zacatecas\u201d.<\/p>\n<p class=\"nota-justify\">De acuerdo con la informaci\u00f3n de la empresa cervecera, \u201creportan m\u00e1s de 10 mil hect\u00e1reas atendidas en Zacatecas, m\u00e1s de 14 mil en el total del proyecto y m\u00e1s de 625 agricultores impactados directamente\u201d.<\/p>\n<p class=\"nota-justify\">La explicaci\u00f3n t\u00e9cnica del proyecto, la ofreci\u00f3 Soqui Calder\u00f3n Aranibar, Directora Regional de Sostenibilidad de Grupo Modelo, \u201cquien record\u00f3 que el programa Aguas Firmes nace en 2021, con una alianza con la Cooperaci\u00f3n T\u00e9cnica Alemana (GIZ), con el prop\u00f3sito de cuidar los acu\u00edferos, espec\u00edficamente de \u2013los municipios de-, Calera y Zacatecas\u201d. Grupo Modelo AB Inveb, se\u00f1al\u00f3 la integrante del equipo directivo de la cervecera, tiene \u201cproyectos similares en Hidalgo y la Ciudad de M\u00e9xico\u201d.<\/p>\n<p class=\"nota-justify\">\u201cSoqui Calder\u00f3n explic\u00f3 que Aguas Firmes se estructura en cinco pilares, el primero corresponde a las soluciones basadas en la naturaleza; el segundo pilar es la agricultura de conservaci\u00f3n; el tercer pilar es el de financiamiento; el cuarto pilar corresponde al monitoreo, mediante el uso del modelo SWAT (Soil and Water Assessment Tool) y el quinto pilar es el de gobernanza, enfocado en la construcci\u00f3n de herramientas y en el trabajo directo con instituciones y comunidades\u201d.<\/p>\n","protected":false},"excerpt":{"rendered":"<p>Alicia B\u00e1rcena Ibarra, la titular de la Semarnat, visit\u00f3 Zacatecas para cubrir una agenda de trabajo acompa\u00f1ada por el gobernador<\/p>\n","protected":false},"author":4,"featured_media":81461,"comment_status":"closed","ping_status":"closed","sticky":false,"template":"","format":"standard","meta":{"colormag_page_container_layout":"default_layout","colormag_page_sidebar_layout":"default_layout","_jetpack_memberships_contains_paid_content":false,"footnotes":"","jetpack_publicize_message":"","jetpack_publicize_feature_enabled":true,"jetpack_social_post_already_shared":true,"jetpack_social_options":{"image_generator_settings":{"template":"highway","default_image_id":0,"font":"","enabled":false},"version":2}},"categories":[30],"tags":[],"class_list":["post-81460","post","type-post","status-publish","format-standard","has-post-thumbnail","hentry","category-estados"],"jetpack_publicize_connections":[],"jetpack_featured_media_url":"https:\/\/i0.wp.com\/politicosaldesnudo.com.mx\/wp-content\/uploads\/2026\/03\/MOD.jpg?fit=1200%2C746&ssl=1","jetpack-related-posts":[],"jetpack_sharing_enabled":true,"_links":{"self":[{"href":"https:\/\/politicosaldesnudo.com.mx\/index.php\/wp-json\/wp\/v2\/posts\/81460","targetHints":{"allow":["GET"]}}],"collection":[{"href":"https:\/\/politicosaldesnudo.com.mx\/index.php\/wp-json\/wp\/v2\/posts"}],"about":[{"href":"https:\/\/politicosaldesnudo.com.mx\/index.php\/wp-json\/wp\/v2\/types\/post"}],"author":[{"embeddable":true,"href":"https:\/\/politicosaldesnudo.com.mx\/index.php\/wp-json\/wp\/v2\/users\/4"}],"replies":[{"embeddable":true,"href":"https:\/\/politicosaldesnudo.com.mx\/index.php\/wp-json\/wp\/v2\/comments?post=81460"}],"version-history":[{"count":0,"href":"https:\/\/politicosaldesnudo.com.mx\/index.php\/wp-json\/wp\/v2\/posts\/81460\/revisions"}],"wp:featuredmedia":[{"embeddable":true,"href":"https:\/\/politicosaldesnudo.com.mx\/index.php\/wp-json\/wp\/v2\/media\/81461"}],"wp:attachment":[{"href":"https:\/\/politicosaldesnudo.com.mx\/index.php\/wp-json\/wp\/v2\/media?parent=81460"}],"wp:term":[{"taxonomy":"category","embeddable":true,"href":"https:\/\/politicosaldesnudo.com.mx\/index.php\/wp-json\/wp\/v2\/categories?post=81460"},{"taxonomy":"post_tag","embeddable":true,"href":"https:\/\/politicosaldesnudo.com.mx\/index.php\/wp-json\/wp\/v2\/tags?post=81460"}],"curies":[{"name":"wp","href":"https:\/\/api.w.org\/{rel}","templated":true}]}}