{"id":81463,"date":"2026-03-13T00:16:31","date_gmt":"2026-03-13T06:16:31","guid":{"rendered":"https:\/\/politicosaldesnudo.com.mx\/?p=81463"},"modified":"2026-03-12T22:30:38","modified_gmt":"2026-03-13T04:30:38","slug":"tribunal-confirma-proteccion-del-acuifero-de-la-region-lagunera","status":"publish","type":"post","link":"https:\/\/politicosaldesnudo.com.mx\/index.php\/2026\/03\/13\/tribunal-confirma-proteccion-del-acuifero-de-la-region-lagunera\/","title":{"rendered":"Tribunal confirma protecci\u00f3n del acu\u00edfero de la Regi\u00f3n Lagunera"},"content":{"rendered":"<p class=\"nota-justify\">El Primer Tribunal Colegiado en Materias Penal y Administrativa del Octavo Circuito confirm\u00f3 la sentencia que ordena la protecci\u00f3n del Acu\u00edfero Principal de la Regi\u00f3n Lagunera y rechaz\u00f3 el recurso promovido por 29 concesionarios de aguas nacionales que buscaban revertir la resoluci\u00f3n emitida por la Suprema Corte de Justicia de la Naci\u00f3n.<\/p>\n<p class=\"nota-justify\">Con esta decisi\u00f3n, el tribunal determin\u00f3 que no procede la revisi\u00f3n solicitada por los concesionarios, quienes alegaron que debieron ser llamados como terceros interesados en el juicio de amparo que deriv\u00f3 en la sentencia de la Corte. Su intenci\u00f3n era que el procedimiento se repusiera y, con ello, dejar sin efectos la resoluci\u00f3n que ordena medidas para la protecci\u00f3n del acu\u00edfero.<\/p>\n<p class=\"nota-justify\">La resoluci\u00f3n de la Suprema Corte, ahora ratificada, establece la obligaci\u00f3n de las autoridades de adoptar acciones orientadas a la recuperaci\u00f3n y preservaci\u00f3n del acu\u00edfero lagunero, una fuente estrat\u00e9gica de agua subterr\u00e1nea de la cual dependen el abasto de agua potable, la actividad agr\u00edcola e industrial, as\u00ed como el equilibrio ambiental de la Comarca Lagunera.<\/p>\n<p class=\"nota-justify\">La resoluci\u00f3n se alcanz\u00f3 con el voto de las magistradas Mar\u00eda Guadalupe Carranza Galindo y Magda Mar\u00eda Isabel Cobos Lerma, quienes se pronunciaron por mantener firme la sentencia de la Corte. El magistrado Ra\u00fal Enrique Romero Bulnes present\u00f3 un proyecto que propon\u00eda revocarla.<\/p>\n<p class=\"nota-justify\">El proceso judicial estuvo acompa\u00f1ado por manifestaciones de respaldo de acad\u00e9micos, especialistas en agua y ciudadanos de la regi\u00f3n. M\u00e1s de dos mil personas enviaron escritos para solicitar que la sentencia se mantuviera vigente.<\/p>\n","protected":false},"excerpt":{"rendered":"<p>El Primer Tribunal Colegiado en Materias Penal y Administrativa del Octavo Circuito confirm\u00f3 la sentencia que ordena la protecci\u00f3n del<\/p>\n","protected":false},"author":4,"featured_media":81464,"comment_status":"closed","ping_status":"closed","sticky":false,"template":"","format":"standard","meta":{"colormag_page_container_layout":"default_layout","colormag_page_sidebar_layout":"default_layout","_jetpack_memberships_contains_paid_content":false,"footnotes":"","jetpack_publicize_message":"","jetpack_publicize_feature_enabled":true,"jetpack_social_post_already_shared":true,"jetpack_social_options":{"image_generator_settings":{"template":"highway","default_image_id":0,"font":"","enabled":false},"version":2}},"categories":[30],"tags":[],"class_list":["post-81463","post","type-post","status-publish","format-standard","has-post-thumbnail","hentry","category-estados"],"jetpack_publicize_connections":[],"jetpack_featured_media_url":"https:\/\/i0.wp.com\/politicosaldesnudo.com.mx\/wp-content\/uploads\/2026\/03\/LALA.jpg?fit=1200%2C799&ssl=1","jetpack-related-posts":[],"jetpack_sharing_enabled":true,"_links":{"self":[{"href":"https:\/\/politicosaldesnudo.com.mx\/index.php\/wp-json\/wp\/v2\/posts\/81463","targetHints":{"allow":["GET"]}}],"collection":[{"href":"https:\/\/politicosaldesnudo.com.mx\/index.php\/wp-json\/wp\/v2\/posts"}],"about":[{"href":"https:\/\/politicosaldesnudo.com.mx\/index.php\/wp-json\/wp\/v2\/types\/post"}],"author":[{"embeddable":true,"href":"https:\/\/politicosaldesnudo.com.mx\/index.php\/wp-json\/wp\/v2\/users\/4"}],"replies":[{"embeddable":true,"href":"https:\/\/politicosaldesnudo.com.mx\/index.php\/wp-json\/wp\/v2\/comments?post=81463"}],"version-history":[{"count":0,"href":"https:\/\/politicosaldesnudo.com.mx\/index.php\/wp-json\/wp\/v2\/posts\/81463\/revisions"}],"wp:featuredmedia":[{"embeddable":true,"href":"https:\/\/politicosaldesnudo.com.mx\/index.php\/wp-json\/wp\/v2\/media\/81464"}],"wp:attachment":[{"href":"https:\/\/politicosaldesnudo.com.mx\/index.php\/wp-json\/wp\/v2\/media?parent=81463"}],"wp:term":[{"taxonomy":"category","embeddable":true,"href":"https:\/\/politicosaldesnudo.com.mx\/index.php\/wp-json\/wp\/v2\/categories?post=81463"},{"taxonomy":"post_tag","embeddable":true,"href":"https:\/\/politicosaldesnudo.com.mx\/index.php\/wp-json\/wp\/v2\/tags?post=81463"}],"curies":[{"name":"wp","href":"https:\/\/api.w.org\/{rel}","templated":true}]}}