{"id":81472,"date":"2026-03-13T00:19:24","date_gmt":"2026-03-13T06:19:24","guid":{"rendered":"https:\/\/politicosaldesnudo.com.mx\/?p=81472"},"modified":"2026-03-12T22:36:41","modified_gmt":"2026-03-13T04:36:41","slug":"cuba-anuncia-liberacion-anticipada-de-51-prisioneros-tras-conversaciones-con-el-vaticano","status":"publish","type":"post","link":"https:\/\/politicosaldesnudo.com.mx\/index.php\/2026\/03\/13\/cuba-anuncia-liberacion-anticipada-de-51-prisioneros-tras-conversaciones-con-el-vaticano\/","title":{"rendered":"Cuba anuncia liberaci\u00f3n anticipada de 51 prisioneros tras conversaciones con el Vaticano"},"content":{"rendered":"<p class=\"nota-justify\">Cuba anunci\u00f3 la noche de este jueves la liberaci\u00f3n anticipada \u00aben los pr\u00f3ximos d\u00edas\u00bb de 51 prisioneros como muestra de \u00abbuena voluntad\u00bb hacia el Vaticano, seg\u00fan inform\u00f3 la canciller\u00eda de la isla en un comunicado.<\/p>\n<p class=\"nota-justify\">\u00abEn el esp\u00edritu de buena voluntad, de estrechas y fluidas relaciones entre el Estado cubano y el Vaticano (&#8230;) Cuba ha decidido liberar en los pr\u00f3ximos d\u00edas a 51 personas sancionadas a privaci\u00f3n de libertad\u00bb, precisa la nota.<\/p>\n<p class=\"nota-justify\">La informaci\u00f3n, que no menciona los nombres de los beneficiados ni las causas de su detenci\u00f3n, asegura que se trata de prisioneros que han cumplido \u00abuna parte significativa de la pena\u00bb y \u00abhan mantenido buena conducta en prisi\u00f3n\u00bb.<\/p>\n","protected":false},"excerpt":{"rendered":"<p>Cuba anunci\u00f3 la noche de este jueves la liberaci\u00f3n anticipada \u00aben los pr\u00f3ximos d\u00edas\u00bb de 51 prisioneros como muestra de<\/p>\n","protected":false},"author":4,"featured_media":81473,"comment_status":"closed","ping_status":"closed","sticky":false,"template":"","format":"standard","meta":{"colormag_page_container_layout":"default_layout","colormag_page_sidebar_layout":"default_layout","_jetpack_memberships_contains_paid_content":false,"footnotes":"","jetpack_publicize_message":"","jetpack_publicize_feature_enabled":true,"jetpack_social_post_already_shared":true,"jetpack_social_options":{"image_generator_settings":{"template":"highway","default_image_id":0,"font":"","enabled":false},"version":2}},"categories":[28],"tags":[],"class_list":["post-81472","post","type-post","status-publish","format-standard","has-post-thumbnail","hentry","category-internacional"],"jetpack_publicize_connections":[],"jetpack_featured_media_url":"https:\/\/i0.wp.com\/politicosaldesnudo.com.mx\/wp-content\/uploads\/2026\/03\/CUB-1.jpg?fit=1200%2C800&ssl=1","jetpack-related-posts":[],"jetpack_sharing_enabled":true,"_links":{"self":[{"href":"https:\/\/politicosaldesnudo.com.mx\/index.php\/wp-json\/wp\/v2\/posts\/81472","targetHints":{"allow":["GET"]}}],"collection":[{"href":"https:\/\/politicosaldesnudo.com.mx\/index.php\/wp-json\/wp\/v2\/posts"}],"about":[{"href":"https:\/\/politicosaldesnudo.com.mx\/index.php\/wp-json\/wp\/v2\/types\/post"}],"author":[{"embeddable":true,"href":"https:\/\/politicosaldesnudo.com.mx\/index.php\/wp-json\/wp\/v2\/users\/4"}],"replies":[{"embeddable":true,"href":"https:\/\/politicosaldesnudo.com.mx\/index.php\/wp-json\/wp\/v2\/comments?post=81472"}],"version-history":[{"count":0,"href":"https:\/\/politicosaldesnudo.com.mx\/index.php\/wp-json\/wp\/v2\/posts\/81472\/revisions"}],"wp:featuredmedia":[{"embeddable":true,"href":"https:\/\/politicosaldesnudo.com.mx\/index.php\/wp-json\/wp\/v2\/media\/81473"}],"wp:attachment":[{"href":"https:\/\/politicosaldesnudo.com.mx\/index.php\/wp-json\/wp\/v2\/media?parent=81472"}],"wp:term":[{"taxonomy":"category","embeddable":true,"href":"https:\/\/politicosaldesnudo.com.mx\/index.php\/wp-json\/wp\/v2\/categories?post=81472"},{"taxonomy":"post_tag","embeddable":true,"href":"https:\/\/politicosaldesnudo.com.mx\/index.php\/wp-json\/wp\/v2\/tags?post=81472"}],"curies":[{"name":"wp","href":"https:\/\/api.w.org\/{rel}","templated":true}]}}