{"id":81487,"date":"2026-03-09T22:52:45","date_gmt":"2026-03-10T04:52:45","guid":{"rendered":"https:\/\/politicosaldesnudo.com.mx\/?p=81487"},"modified":"2026-03-12T22:54:51","modified_gmt":"2026-03-13T04:54:51","slug":"concierto-por-la-lucha-de-igualdad-de-genero-8m-osx","status":"publish","type":"post","link":"https:\/\/politicosaldesnudo.com.mx\/index.php\/2026\/03\/09\/concierto-por-la-lucha-de-igualdad-de-genero-8m-osx\/","title":{"rendered":"Concierto por la lucha de igualdad de g\u00e9nero 8M OSX"},"content":{"rendered":"<ul>\n<li>Lenka Smol\u010d\u00e1kov\u00e1, solista OSX<\/li>\n<li>Por primera vez en M\u00e9xico: Concierto de Vasks y Sinfon\u00eda de Peja\u010devi\u0107<\/li>\n<li>Zoi Tsokanou, directora invitada\n<p>Xalapa, Ver. 09 de marzo de 2026. La Orquesta Sinf\u00f3nica de Xalapa invita a una velada musical conmemorativa, con la flauta como protagonista. Por primera vez en Am\u00e9rica Latina, el Concierto para flauta y orquesta de P\u0113teris Vasks; as\u00ed como el estreno en M\u00e9xico de la Sinfon\u00eda en fa sostenido menor, Op. 41 de la compositora croata, Dora Peja\u010devi\u0107. Con participaci\u00f3n estelar de Lenka Smol\u010d\u00e1kov\u00e1, flauta principal OSX y solista del evento. Bajo la direcci\u00f3n de Zoi Tsokanou, directora invitada.<br \/>\nEste concierto se realizar\u00e1 el viernes 13 de marzo de 2026 a las 20:00 h.<\/li>\n<\/ul>\n<p>El \u00abConcierto para flauta y orquesta\u00bb de P\u0113teris Vasks, terminado en 2008 y revisado en 2011, es una de las m\u00e1s notables obras concertantes en el repertorio del compositor let\u00f3n. Construido de forma sim\u00e9trica, con pasajes con corales de viento y el distante repicar de campanas, que se alternan con pasajes cuyo car\u00e1cter var\u00eda desde lo meditativo, pasando por lo lamentoso, hasta lo euf\u00f3rico. Interpretado por Lenka Smol\u010d\u00e1kov\u00e1, flauta principal OSX.<\/p>\n<p><img data-recalc-dims=\"1\" loading=\"lazy\" decoding=\"async\" class=\"aligncenter size-large wp-image-81488\" src=\"https:\/\/i0.wp.com\/politicosaldesnudo.com.mx\/wp-content\/uploads\/2026\/03\/Lenka.jpeg?resize=800%2C534&#038;ssl=1\" alt=\"\" width=\"800\" height=\"534\" srcset=\"https:\/\/i0.wp.com\/politicosaldesnudo.com.mx\/wp-content\/uploads\/2026\/03\/Lenka-scaled.jpeg?resize=1024%2C683&amp;ssl=1 1024w, https:\/\/i0.wp.com\/politicosaldesnudo.com.mx\/wp-content\/uploads\/2026\/03\/Lenka-scaled.jpeg?resize=300%2C200&amp;ssl=1 300w, https:\/\/i0.wp.com\/politicosaldesnudo.com.mx\/wp-content\/uploads\/2026\/03\/Lenka-scaled.jpeg?resize=768%2C512&amp;ssl=1 768w, https:\/\/i0.wp.com\/politicosaldesnudo.com.mx\/wp-content\/uploads\/2026\/03\/Lenka-scaled.jpeg?resize=1536%2C1024&amp;ssl=1 1536w, https:\/\/i0.wp.com\/politicosaldesnudo.com.mx\/wp-content\/uploads\/2026\/03\/Lenka-scaled.jpeg?resize=2048%2C1365&amp;ssl=1 2048w, https:\/\/i0.wp.com\/politicosaldesnudo.com.mx\/wp-content\/uploads\/2026\/03\/Lenka-scaled.jpeg?w=1600&amp;ssl=1 1600w, https:\/\/i0.wp.com\/politicosaldesnudo.com.mx\/wp-content\/uploads\/2026\/03\/Lenka-scaled.jpeg?w=2400&amp;ssl=1 2400w\" sizes=\"auto, (max-width: 800px) 100vw, 800px\" \/><\/p>\n<p>Condesa Maria Theodora Paulina Peja\u010devi\u0107, mejor conocida como Dora Peja\u010devi\u0107, naci\u00f3 el 10 de septiembre de 1885 en Budapest. De familia noble, recibi\u00f3 de su madre las primeras lecciones de piano que la llevaron hacia la m\u00fasica, en lugar del estilo de vida aristocr\u00e1tico que le correspond\u00eda. La Sinfon\u00eda en fa sostenido menor, Op. 41 fue terminada el 25 de agosto de 1917, y revisada en 1920, estando dedicada a su madre, la Baronesa Lilla Vay de Vaya.<\/p>\n<p>Cuando su Sinfon\u00eda se estren\u00f3 en la Gro\u00dfer Musikvereins-Saal de Viena, un cr\u00edtico se sorprendi\u00f3 cuando una mujer subi\u00f3 al escenario, lo que demuestra la importancia de su obra como mujer compositora a principios del siglo XX.<\/p>\n<p>&nbsp;<\/p>\n<p>Lenka Smol\u010d\u00e1kov\u00e1, solista OSX, es originaria de la Rep\u00fablica Checa. En el a\u00f1o 2001 obtuvo el t\u00edtulo de Licenciatura en Artes en la Academia de Artes Musicales en Praga. En 1997 form\u00f3 parte de la Orquesta Berg en Praga con la cual tuvo tambi\u00e9n varias apariciones como solista. Mismo a\u00f1o particip\u00f3 en el Concurso Nacional de los Conservatorios, donde gan\u00f3 el primer lugar. Desde el a\u00f1o 2002 radica en M\u00e9xico. Actualmente es la flautista principal de la Orquesta Sinf\u00f3nica de Xalapa, as\u00ed como de la Orquesta Sinf\u00f3nica de Miner\u00eda en sus Temporadas de Verano. Tambi\u00e9n forma parte del Ensamble Galante enfocado en la interpretaci\u00f3n de la m\u00fasica barroca.<\/p>\n<p>&nbsp;<\/p>\n<p>Zoi Tsokanou, directora invitada, es la primera mujer en la historia en dirigir una importante orquesta griega. Se ha hecho famosa gracias a su vitalidad y pasi\u00f3n en el escenario en numerosos compromisos oper\u00edsticos y sinf\u00f3nicos. Desde la temporada 2017-2018, ha sido directora principal y directora art\u00edstica de la Orquesta Sinf\u00f3nica del Estado de Tesal\u00f3nica. Entre sus m\u00e1s recientes actuaciones destacan las de la Orquesta Sinf\u00f3nica de Barcelona, Orquesta Nacional de Lille, Orquesta Sinf\u00f3nica de D\u00fcsseldorf, Filarm\u00f3nica de Sof\u00eda, Filarm\u00f3nica de Rostock, Orquesta y Coro de la Radio Televisi\u00f3n Espa\u00f1ola, Orquesta Sinf\u00f3nica de Biel Solothurn y la Georgische Kammerorchester Ingolstadt.<\/p>\n<p>&nbsp;<\/p>\n<p>Puedes comprar tus boletos en l\u00ednea en www.orquestasinfonicadexalapa.com, Tienda UV, Tienda UV Museo de Antropolog\u00eda y Taquilla Tlaqn\u00e1.<\/p>\n<p>Correo electr\u00f3nico: <a href=\"mailto:mercadotecnia.osx@gmail.com\">mercadotecnia.osx@gmail.com<\/a>.<\/p>\n","protected":false},"excerpt":{"rendered":"<p>Lenka Smol\u010d\u00e1kov\u00e1, solista OSX Por primera vez en M\u00e9xico: Concierto de Vasks y Sinfon\u00eda de Peja\u010devi\u0107 Zoi Tsokanou, directora invitada<\/p>\n","protected":false},"author":4,"featured_media":81489,"comment_status":"closed","ping_status":"closed","sticky":false,"template":"","format":"standard","meta":{"colormag_page_container_layout":"default_layout","colormag_page_sidebar_layout":"default_layout","_jetpack_memberships_contains_paid_content":false,"footnotes":"","jetpack_publicize_message":"","jetpack_publicize_feature_enabled":true,"jetpack_social_post_already_shared":true,"jetpack_social_options":{"image_generator_settings":{"template":"highway","default_image_id":0,"font":"","enabled":false},"version":2}},"categories":[474,30],"tags":[],"class_list":["post-81487","post","type-post","status-publish","format-standard","has-post-thumbnail","hentry","category-cultura","category-estados"],"jetpack_publicize_connections":[],"jetpack_featured_media_url":"https:\/\/i0.wp.com\/politicosaldesnudo.com.mx\/wp-content\/uploads\/2026\/03\/Zoi-Tsokanou-scaled.jpg?fit=2560%2C1707&ssl=1","jetpack-related-posts":[],"jetpack_sharing_enabled":true,"_links":{"self":[{"href":"https:\/\/politicosaldesnudo.com.mx\/index.php\/wp-json\/wp\/v2\/posts\/81487","targetHints":{"allow":["GET"]}}],"collection":[{"href":"https:\/\/politicosaldesnudo.com.mx\/index.php\/wp-json\/wp\/v2\/posts"}],"about":[{"href":"https:\/\/politicosaldesnudo.com.mx\/index.php\/wp-json\/wp\/v2\/types\/post"}],"author":[{"embeddable":true,"href":"https:\/\/politicosaldesnudo.com.mx\/index.php\/wp-json\/wp\/v2\/users\/4"}],"replies":[{"embeddable":true,"href":"https:\/\/politicosaldesnudo.com.mx\/index.php\/wp-json\/wp\/v2\/comments?post=81487"}],"version-history":[{"count":0,"href":"https:\/\/politicosaldesnudo.com.mx\/index.php\/wp-json\/wp\/v2\/posts\/81487\/revisions"}],"wp:featuredmedia":[{"embeddable":true,"href":"https:\/\/politicosaldesnudo.com.mx\/index.php\/wp-json\/wp\/v2\/media\/81489"}],"wp:attachment":[{"href":"https:\/\/politicosaldesnudo.com.mx\/index.php\/wp-json\/wp\/v2\/media?parent=81487"}],"wp:term":[{"taxonomy":"category","embeddable":true,"href":"https:\/\/politicosaldesnudo.com.mx\/index.php\/wp-json\/wp\/v2\/categories?post=81487"},{"taxonomy":"post_tag","embeddable":true,"href":"https:\/\/politicosaldesnudo.com.mx\/index.php\/wp-json\/wp\/v2\/tags?post=81487"}],"curies":[{"name":"wp","href":"https:\/\/api.w.org\/{rel}","templated":true}]}}