{"id":81493,"date":"2026-03-10T22:56:31","date_gmt":"2026-03-11T04:56:31","guid":{"rendered":"https:\/\/politicosaldesnudo.com.mx\/?p=81493"},"modified":"2026-03-12T22:59:38","modified_gmt":"2026-03-13T04:59:38","slug":"movimiento-ciudadano-con-las-puertas-abiertas","status":"publish","type":"post","link":"https:\/\/politicosaldesnudo.com.mx\/index.php\/2026\/03\/10\/movimiento-ciudadano-con-las-puertas-abiertas\/","title":{"rendered":"Movimiento Ciudadano con las puertas abiertas"},"content":{"rendered":"<p>En pol\u00edtica, cuando un dirigente dice que \u201clas puertas est\u00e1n abiertas\u201d, conviene preguntarse: \u00bfabiertas para qui\u00e9n y para qu\u00e9?<\/p>\n<p>&nbsp;<\/p>\n<p>La frase del dirigente estatal de Movimiento Ciudadano en Veracruz, \u201cLuis Carbonell de la Hoz\u201d, no pas\u00f3 desapercibida en la pl\u00e1tica con integrantes de la ACOVER Asociaci\u00f3n de Comunicadores Veracruzanos. Ante la pregunta directa sobre la posibilidad de que el priista \u201cJos\u00e9 Francisco \u201cPepe\u201d Yunes Zorrilla\u201d pudiera convertirse en candidato a la gubernatura por ese partido, su respuesta fue tan sencilla como reveladora: \u201cLas puertas est\u00e1n abiertas, para Pepe, igual que para todos aquellos que quieran y puedan ser un buen candidato\u201d.<\/p>\n<p>&nbsp;<\/p>\n<p>La declaraci\u00f3n, aparentemente diplom\u00e1tica, en realidad abre un debate pol\u00edtico de fondo. Porque en Veracruz \u2014estado de memoria larga y cicatrices pol\u00edticas profundas\u2014 las candidaturas no son simples invitaciones a la mesa: representan proyectos, trayectorias y credibilidad ante una ciudadan\u00eda cada vez m\u00e1s desconfiada.<\/p>\n<p>&nbsp;<\/p>\n<p>Movimiento Ciudadano vive un momento peculiar. Despu\u00e9s de las elecciones recientes, el partido naranja presume haber alcanzado \u201c41 alcald\u00edas\u201d, una cifra que lo coloca en una posici\u00f3n pol\u00edtica relevante dentro del tablero veracruzano.<\/p>\n<p>Carbonell sostiene que incluso pudieron haber sido m\u00e1s, si no se hubieran presentado \u2014seg\u00fan su versi\u00f3n\u2014 irregularidades en municipios como ejemplos \u201cPapantla\u201d y \u201cPoza Rica\u201d, donde afirman que les fue arrebatado el triunfo.<\/p>\n<p>&nbsp;<\/p>\n<p>Con esos resultados, hoy MC se asume como \u201csegunda fuerza pol\u00edtica en el estado\u201d, una narrativa que busca consolidar su crecimiento frente al desgaste de los partidos tradicionales.<\/p>\n<p>&nbsp;<\/p>\n<p>Movimiento Ciudadano ha construido parte de su discurso pol\u00edtico sobre la idea de ser una alternativa distinta a la vieja pol\u00edtica. Su narrativa nacional insiste en diferenciarse del PRI, del PAN y del propio Morena, apelando a una nueva generaci\u00f3n pol\u00edtica que \u2014seg\u00fan dicen\u2014 pretende cambiar la forma de hacer gobierno.<\/p>\n<p>&nbsp;<\/p>\n<p>Pepe Yunes no es un improvisado. Al contrario. Su trayectoria pol\u00edtica es extensa y conocida. Ha sido diputado local, diputado federal, senador de la Rep\u00fablica y candidato a la gubernatura de Veracruz. Durante a\u00f1os ha sido considerado uno de los cuadros m\u00e1s s\u00f3lidos del PRI veracruzano, con una reputaci\u00f3n que incluso sus adversarios reconocen por su preparaci\u00f3n t\u00e9cnica y su capacidad legislativa.<\/p>\n<p>&nbsp;<\/p>\n<p>Pero tambi\u00e9n representa \u2014para muchos ciudadanos\u2014 una parte del sistema pol\u00edtico que el propio Movimiento Ciudadano ha criticado durante a\u00f1os.<\/p>\n<p>&nbsp;<\/p>\n<p>Ah\u00ed radica el dilema.<\/p>\n<p>&nbsp;<\/p>\n<p>Si MC busca convertirse en una alternativa real de poder en Veracruz, su crecimiento deber\u00e1 sostenerse no s\u00f3lo en n\u00fameros electorales, sino en coherencia pol\u00edtica. La ciudadan\u00eda no s\u00f3lo vota por candidatos; vota por proyectos y por credibilidad.<\/p>\n<p>&nbsp;<\/p>\n<p>La estrategia de abrir las puertas a figuras externas puede interpretarse de dos maneras.<\/p>\n<p>&nbsp;<\/p>\n<p>La primera: como una se\u00f1al de madurez pol\u00edtica, donde los partidos entienden que la pluralidad y la suma de perfiles fortalecen la democracia.<\/p>\n<p>&nbsp;<\/p>\n<p>La segunda: como una se\u00f1al de oportunismo electoral, donde las ideolog\u00edas se diluyen frente al objetivo simple de ganar elecciones.<\/p>\n<p>&nbsp;<\/p>\n<p>Luis Carbonell afirma que no buscan \u201cel poder por el poder\u201d, sino que a los veracruzanos inconformes con el gobierno actual les vaya mejor. La frase suena correcta en el discurso. Nadie podr\u00eda oponerse a esa intenci\u00f3n.<\/p>\n<p>&nbsp;<\/p>\n<p>Si Movimiento Ciudadano pretende consolidarse como una nueva fuerza pol\u00edtica en Veracruz, deber\u00e1 demostrar que su proyecto no se limita a reclutar candidatos competitivos, sino que responde a una visi\u00f3n clara de gobierno, con propuestas, rumbo y responsabilidad p\u00fablica.<\/p>\n<p>&nbsp;<\/p>\n<p>Porque la inconformidad ciudadana \u2014real y creciente\u2014 no es un cheque en blanco para cualquier alianza o candidatura. Los veracruzanos han visto demasiadas veces c\u00f3mo los partidos cambian de discurso seg\u00fan la coyuntura electoral.<\/p>\n<p>&nbsp;<\/p>\n<p>El electorado ya no es el mismo de hace veinte a\u00f1os.<\/p>\n<p>&nbsp;<\/p>\n<p>Hoy las redes sociales, la informaci\u00f3n digital y el escrutinio p\u00fablico obligan a los partidos a justificar cada decisi\u00f3n con mayor transparencia. Las candidaturas ya no se negocian en silencio como antes.<\/p>\n<p>&nbsp;<\/p>\n<p>Se discuten, se cuestionan y se exhiben.<\/p>\n<p>&nbsp;<\/p>\n<p>En ese contexto, la declaraci\u00f3n de Carbonell tiene un valor pol\u00edtico mayor al que parece. No s\u00f3lo abre una posibilidad electoral; tambi\u00e9n pone sobre la mesa el verdadero modelo de partido que Movimiento Ciudadano quiere construir en Veracruz.<\/p>\n<p>&nbsp;<\/p>\n<p>\u00bfUn proyecto ciudadano distinto o un nuevo veh\u00edculo para los nuevos actores pol\u00edticos?<\/p>\n<p>&nbsp;<\/p>\n<p>La respuesta no se resolver\u00e1 en una entrevista ni en una frase pol\u00edticamente correcta.<\/p>\n<p>&nbsp;<\/p>\n<p>Se resolver\u00e1 en las decisiones que tomen cuando llegue el momento de elegir candidato.<\/p>\n<p>&nbsp;<\/p>\n<p>Porque si algo ha aprendido la sociedad veracruzana despu\u00e9s de d\u00e9cadas de desencanto pol\u00edtico, es que las puertas abiertas no siempre conducen al cambio.<\/p>\n<p>&nbsp;<\/p>\n<p>A veces s\u00f3lo llevan de regreso al mismo lugar.<\/p>\n<p>&nbsp;<\/p>\n<p>\u201cPorque en la pol\u00edtica veracruzana, las puertas abiertas suelen terminar siendo la antesala del reciclaje pol\u00edtico.\u201d<\/p>\n<p><img data-recalc-dims=\"1\" loading=\"lazy\" decoding=\"async\" class=\"aligncenter size-full wp-image-81479\" src=\"https:\/\/i0.wp.com\/politicosaldesnudo.com.mx\/wp-content\/uploads\/2026\/03\/FIRMA-EDITORIAL-PD-3.jpg?resize=800%2C98&#038;ssl=1\" alt=\"\" width=\"800\" height=\"98\" srcset=\"https:\/\/i0.wp.com\/politicosaldesnudo.com.mx\/wp-content\/uploads\/2026\/03\/FIRMA-EDITORIAL-PD-3.jpg?w=1024&amp;ssl=1 1024w, https:\/\/i0.wp.com\/politicosaldesnudo.com.mx\/wp-content\/uploads\/2026\/03\/FIRMA-EDITORIAL-PD-3.jpg?resize=300%2C37&amp;ssl=1 300w, https:\/\/i0.wp.com\/politicosaldesnudo.com.mx\/wp-content\/uploads\/2026\/03\/FIRMA-EDITORIAL-PD-3.jpg?resize=768%2C94&amp;ssl=1 768w\" sizes=\"auto, (max-width: 800px) 100vw, 800px\" \/><\/p>\n","protected":false},"excerpt":{"rendered":"<p>En pol\u00edtica, cuando un dirigente dice que \u201clas puertas est\u00e1n abiertas\u201d, conviene preguntarse: \u00bfabiertas para qui\u00e9n y para qu\u00e9? &nbsp;<\/p>\n","protected":false},"author":4,"featured_media":80007,"comment_status":"closed","ping_status":"closed","sticky":false,"template":"","format":"standard","meta":{"colormag_page_container_layout":"default_layout","colormag_page_sidebar_layout":"default_layout","_jetpack_memberships_contains_paid_content":false,"footnotes":"","jetpack_publicize_message":"","jetpack_publicize_feature_enabled":true,"jetpack_social_post_already_shared":true,"jetpack_social_options":{"image_generator_settings":{"template":"highway","default_image_id":0,"font":"","enabled":false},"version":2}},"categories":[26],"tags":[],"class_list":["post-81493","post","type-post","status-publish","format-standard","has-post-thumbnail","hentry","category-columnistas"],"jetpack_publicize_connections":[],"jetpack_featured_media_url":"https:\/\/i0.wp.com\/politicosaldesnudo.com.mx\/wp-content\/uploads\/2026\/02\/CRISTIANI-2.jpg?fit=800%2C445&ssl=1","jetpack-related-posts":[],"jetpack_sharing_enabled":true,"_links":{"self":[{"href":"https:\/\/politicosaldesnudo.com.mx\/index.php\/wp-json\/wp\/v2\/posts\/81493","targetHints":{"allow":["GET"]}}],"collection":[{"href":"https:\/\/politicosaldesnudo.com.mx\/index.php\/wp-json\/wp\/v2\/posts"}],"about":[{"href":"https:\/\/politicosaldesnudo.com.mx\/index.php\/wp-json\/wp\/v2\/types\/post"}],"author":[{"embeddable":true,"href":"https:\/\/politicosaldesnudo.com.mx\/index.php\/wp-json\/wp\/v2\/users\/4"}],"replies":[{"embeddable":true,"href":"https:\/\/politicosaldesnudo.com.mx\/index.php\/wp-json\/wp\/v2\/comments?post=81493"}],"version-history":[{"count":0,"href":"https:\/\/politicosaldesnudo.com.mx\/index.php\/wp-json\/wp\/v2\/posts\/81493\/revisions"}],"wp:featuredmedia":[{"embeddable":true,"href":"https:\/\/politicosaldesnudo.com.mx\/index.php\/wp-json\/wp\/v2\/media\/80007"}],"wp:attachment":[{"href":"https:\/\/politicosaldesnudo.com.mx\/index.php\/wp-json\/wp\/v2\/media?parent=81493"}],"wp:term":[{"taxonomy":"category","embeddable":true,"href":"https:\/\/politicosaldesnudo.com.mx\/index.php\/wp-json\/wp\/v2\/categories?post=81493"},{"taxonomy":"post_tag","embeddable":true,"href":"https:\/\/politicosaldesnudo.com.mx\/index.php\/wp-json\/wp\/v2\/tags?post=81493"}],"curies":[{"name":"wp","href":"https:\/\/api.w.org\/{rel}","templated":true}]}}