{"id":81495,"date":"2026-03-10T22:59:47","date_gmt":"2026-03-11T04:59:47","guid":{"rendered":"https:\/\/politicosaldesnudo.com.mx\/?p=81495"},"modified":"2026-03-12T23:01:00","modified_gmt":"2026-03-13T05:01:00","slug":"mujeres-empleo-y-politica-publica","status":"publish","type":"post","link":"https:\/\/politicosaldesnudo.com.mx\/index.php\/2026\/03\/10\/mujeres-empleo-y-politica-publica\/","title":{"rendered":"Mujeres, empleo y pol\u00edtica p\u00fablica"},"content":{"rendered":"<p style=\"font-weight: 400;\"><em>\u201cEl futuro no es un regalo, es una conquista\u201d. \u2013 Robert Kennedy.<\/em><\/p>\n<p style=\"font-weight: 400;\"><strong>En Veracruz, hablar de empleo para las mujeres no deber\u00eda ser un discurso ocasional ni una fotograf\u00eda para las redes sociales. Durante d\u00e9cadas, la brecha laboral femenina ha sido una constante en la entidad: menos oportunidades, salarios m\u00e1s bajos y una participaci\u00f3n econ\u00f3mica limitada por factores estructurales que van desde la informalidad hasta las responsabilidades dom\u00e9sticas no remuneradas. Por ello, cuando desde el gobierno estatal se anuncian acciones espec\u00edficas orientadas a las mujeres, conviene analizarlas con lupa, pero tambi\u00e9n reconocer cuando representan un paso en la direcci\u00f3n correcta.<\/strong><\/p>\n<p style=\"font-weight: 400;\"><strong>La Feria Nacional del Empleo para las Mujeres 2026, realizada en P\u00e1nuco, organizada por la Secretar\u00eda del Trabajo, Previsi\u00f3n Social y Productividad del Gobierno del Estado, encabezada por Luis Arturo Santiago Mart\u00ednez, es un ejemplo de este tipo de acciones que buscan incidir en una realidad compleja. De acuerdo con lo expresado por el propio funcionario en sus redes sociales, el evento logr\u00f3 articular un esfuerzo conjunto con el sector empresarial para poner a disposici\u00f3n 272 vacantes laborales, con salarios que van desde los 9 mil 583 pesos hasta los 26 mil 176 pesos mensuales.<\/strong><\/p>\n<p style=\"font-weight: 400;\"><strong>A simple vista, podr\u00eda parecer un n\u00famero modesto frente al tama\u00f1o del mercado laboral veracruzano. Sin embargo, el verdadero valor de este tipo de ejercicios radica en el mensaje pol\u00edtico y social que transmiten: el reconocimiento de que las mujeres necesitan espacios espec\u00edficos de inserci\u00f3n laboral y pol\u00edticas p\u00fablicas que faciliten su acceso a oportunidades econ\u00f3micas reales.<\/strong><\/p>\n<p style=\"font-weight: 400;\"><strong>Santiago Mart\u00ednez lo expres\u00f3 con claridad al se\u00f1alar que detr\u00e1s de cada mujer que busca empleo existe una historia de lucha, de esfuerzo familiar y de aspiraciones leg\u00edtimas de progreso. No es una frase menor. En un estado donde miles de mujeres sostienen hogares enteros, muchas veces como jefas de familia, hablar de empleo femenino es hablar tambi\u00e9n de bienestar social, movilidad econ\u00f3mica y desarrollo comunitario.<\/strong><\/p>\n<p style=\"font-weight: 400;\"><strong>Pero el an\u00e1lisis no puede quedarse solo en la acci\u00f3n del secretario. La iniciativa se inscribe en una narrativa m\u00e1s amplia impulsada desde el gobierno estatal por la gobernadora Roc\u00edo Nahle Garc\u00eda, quien ha colocado el tema de las mujeres en el centro de su discurso pol\u00edtico y de su agenda p\u00fablica.<\/strong><\/p>\n<p style=\"font-weight: 400;\"><strong>La apuesta no es menor. Veracruz es uno de los estados con mayores retos en materia de igualdad laboral y violencia de g\u00e9nero. En ese contexto, construir pol\u00edticas p\u00fablicas que impulsen la autonom\u00eda econ\u00f3mica de las mujeres es una estrategia que impacta directamente en m\u00faltiples dimensiones sociales.<\/strong><\/p>\n<p style=\"font-weight: 400;\"><strong>El gobierno de Nahle parece entenderlo. La l\u00f3gica es sencilla pero contundente: cuando una mujer accede a un empleo digno, no solo mejora su vida personal, tambi\u00e9n se fortalece la estabilidad econ\u00f3mica de su familia y se dinamiza la econom\u00eda local.<\/strong><\/p>\n<p style=\"font-weight: 400;\"><strong>La feria laboral de P\u00e1nuco puede verse entonces como una pieza de un engranaje mayor que intenta construir un Veracruz m\u00e1s incluyente. El desaf\u00edo, por supuesto, ser\u00e1 que estos esfuerzos no se queden en eventos aislados, sino que evolucionen hacia una pol\u00edtica permanente de generaci\u00f3n de empleo femenino con mayor escala, cobertura regional y continuidad institucional.<\/strong><\/p>\n<p style=\"font-weight: 400;\"><strong>Porque si algo ha demostrado la experiencia mexicana es que el desarrollo econ\u00f3mico de los estados pasa necesariamente por la participaci\u00f3n plena de las mujeres en la vida productiva.<\/strong><\/p>\n<p style=\"font-weight: 400;\"><strong>Y en ese terreno, cada oportunidad laboral cuenta.<\/strong><\/p>\n<p style=\"font-weight: 400;\"><strong>\u00a0<\/strong><\/p>\n<p style=\"font-weight: 400;\"><strong>Sextante<\/strong><\/p>\n<p style=\"font-weight: 400;\"><strong>La designaci\u00f3n del xalape\u00f1o Aureliano Hern\u00e1ndez Palacios Cardel al frente de la Auditor\u00eda Superior de la Federaci\u00f3n (ASF) no es un movimiento menor dentro del tablero pol\u00edtico nacional. En pol\u00edtica, pocas decisiones son inocentes y mucho menos cuando se trata de un cargo que, en los hechos, vigila el uso de miles de millones de pesos del presupuesto p\u00fablico.<\/strong><\/p>\n<p style=\"font-weight: 400;\"><strong>Y si algo caracteriza a este nombramiento es el peso pol\u00edtico que carga detr\u00e1s.<\/strong><\/p>\n<p style=\"font-weight: 400;\"><strong>Hern\u00e1ndez Palacios no es un bur\u00f3crata surgido de la nada. Es un hombre cercano a la presidenta Claudia Sheinbaum, con quien trabaj\u00f3 como secretario particular durante su paso por la Ciudad de M\u00e9xico. En el lenguaje del poder, esa cercan\u00eda significa algo m\u00e1s que confianza administrativa: implica conocimiento directo de las entra\u00f1as del proyecto pol\u00edtico que hoy gobierna el pa\u00eds.<\/strong><\/p>\n<p style=\"font-weight: 400;\"><strong>Por eso su llegada a la Auditor\u00eda Superior de la Federaci\u00f3n debe leerse en clave estrat\u00e9gica. La ASF no solo audita cuentas p\u00fablicas; tambi\u00e9n fija tiempos, define narrativas de responsabilidad y, en ocasiones, determina el ritmo de las crisis pol\u00edticas. Quien controla ese espacio no solo revisa el pasado: tambi\u00e9n influye en el futuro.<\/strong><\/p>\n<p style=\"font-weight: 400;\"><strong>Y ah\u00ed es donde Veracruz aparece inevitablemente en la conversaci\u00f3n.<\/strong><\/p>\n<p style=\"font-weight: 400;\"><strong>Porque Hern\u00e1ndez Palacios es xalape\u00f1o. Y en pol\u00edtica territorial eso importa. Mucho. Su arribo a una posici\u00f3n de tal calibre lo coloca, de golpe, dentro de la baraja de nombres que inevitablemente comenzar\u00e1n a circular rumbo a la sucesi\u00f3n estatal de 2030. No significa que sea el candidato, ni siquiera que aspire a serlo. Pero s\u00ed lo coloca en la lista de quienes podr\u00edan estar en la conversaci\u00f3n.<\/strong><\/p>\n<p style=\"font-weight: 400;\"><strong>Sobre todo porque el actual escenario pol\u00edtico veracruzano gira alrededor de la figura de la gobernadora Roc\u00edo Nahle Garc\u00eda.<\/strong><\/p>\n<p style=\"font-weight: 400;\"><strong>Aqu\u00ed caben dos lecturas posibles.<\/strong><\/p>\n<p style=\"font-weight: 400;\"><strong>La primera: que el ascenso de Hern\u00e1ndez Palacios forme parte de la construcci\u00f3n de perfiles cercanos al proyecto presidencial que, llegado el momento, puedan competir por Veracruz. Una especie de avanzada pol\u00edtica que mantenga alineado el estado con el centro del poder.<\/strong><\/p>\n<p style=\"font-weight: 400;\"><strong>La segunda lectura es m\u00e1s interesante: que el movimiento no est\u00e9 pensado para Veracruz\u2026 sino para liberar a Nahle de la ecuaci\u00f3n local. Es decir, que desde Palacio Nacional se empiece a construir una red de perfiles que permitan mantener gobernabilidad en la entidad mientras la actual mandataria pudiera ser considerada para responsabilidades mayores en el siguiente sexenio.<\/strong><\/p>\n<p style=\"font-weight: 400;\"><strong>Nada de esto est\u00e1 escrito en piedra, pero en pol\u00edtica las se\u00f1ales suelen hablar antes que los discursos.<\/strong><\/p>\n<p style=\"font-weight: 400;\"><strong>Por supuesto, los malquerientes ya empezaron a afilar cuchillos. Dir\u00e1n que se trata de cuotas, de cercan\u00edas inc\u00f3modas o de favores pol\u00edticos. Lo dir\u00e1n con el entusiasmo que siempre acompa\u00f1a a quienes ven conspiraciones en cada nombramiento.<\/strong><\/p>\n<p style=\"font-weight: 400;\"><strong>Pero si uno mira el tablero con frialdad, la conclusi\u00f3n es otra: la baraja veracruzana est\u00e1 cargada.<\/strong><\/p>\n<p style=\"font-weight: 400;\"><strong>Y ahora tiene una carta m\u00e1s en la mesa.<\/strong><\/p>\n<p style=\"font-weight: 400;\"><strong>\u00a0<\/strong><\/p>\n<p style=\"font-weight: 400;\"><strong>Al tiempo.<\/strong><\/p>\n<p><img data-recalc-dims=\"1\" loading=\"lazy\" decoding=\"async\" class=\"aligncenter size-full wp-image-81479\" src=\"https:\/\/i0.wp.com\/politicosaldesnudo.com.mx\/wp-content\/uploads\/2026\/03\/FIRMA-EDITORIAL-PD-3.jpg?resize=800%2C98&#038;ssl=1\" alt=\"\" width=\"800\" height=\"98\" srcset=\"https:\/\/i0.wp.com\/politicosaldesnudo.com.mx\/wp-content\/uploads\/2026\/03\/FIRMA-EDITORIAL-PD-3.jpg?w=1024&amp;ssl=1 1024w, https:\/\/i0.wp.com\/politicosaldesnudo.com.mx\/wp-content\/uploads\/2026\/03\/FIRMA-EDITORIAL-PD-3.jpg?resize=300%2C37&amp;ssl=1 300w, https:\/\/i0.wp.com\/politicosaldesnudo.com.mx\/wp-content\/uploads\/2026\/03\/FIRMA-EDITORIAL-PD-3.jpg?resize=768%2C94&amp;ssl=1 768w\" sizes=\"auto, (max-width: 800px) 100vw, 800px\" \/><\/p>\n","protected":false},"excerpt":{"rendered":"<p>\u201cEl futuro no es un regalo, es una conquista\u201d. \u2013 Robert Kennedy. En Veracruz, hablar de empleo para las mujeres<\/p>\n","protected":false},"author":4,"featured_media":78055,"comment_status":"closed","ping_status":"closed","sticky":false,"template":"","format":"standard","meta":{"colormag_page_container_layout":"default_layout","colormag_page_sidebar_layout":"default_layout","_jetpack_memberships_contains_paid_content":false,"footnotes":"","jetpack_publicize_message":"","jetpack_publicize_feature_enabled":true,"jetpack_social_post_already_shared":true,"jetpack_social_options":{"image_generator_settings":{"template":"highway","default_image_id":0,"font":"","enabled":false},"version":2}},"categories":[26],"tags":[],"class_list":["post-81495","post","type-post","status-publish","format-standard","has-post-thumbnail","hentry","category-columnistas"],"jetpack_publicize_connections":[],"jetpack_featured_media_url":"https:\/\/i0.wp.com\/politicosaldesnudo.com.mx\/wp-content\/uploads\/2026\/01\/BANNER-BAQUEIRO.jpg?fit=666%2C371&ssl=1","jetpack-related-posts":[],"jetpack_sharing_enabled":true,"_links":{"self":[{"href":"https:\/\/politicosaldesnudo.com.mx\/index.php\/wp-json\/wp\/v2\/posts\/81495","targetHints":{"allow":["GET"]}}],"collection":[{"href":"https:\/\/politicosaldesnudo.com.mx\/index.php\/wp-json\/wp\/v2\/posts"}],"about":[{"href":"https:\/\/politicosaldesnudo.com.mx\/index.php\/wp-json\/wp\/v2\/types\/post"}],"author":[{"embeddable":true,"href":"https:\/\/politicosaldesnudo.com.mx\/index.php\/wp-json\/wp\/v2\/users\/4"}],"replies":[{"embeddable":true,"href":"https:\/\/politicosaldesnudo.com.mx\/index.php\/wp-json\/wp\/v2\/comments?post=81495"}],"version-history":[{"count":0,"href":"https:\/\/politicosaldesnudo.com.mx\/index.php\/wp-json\/wp\/v2\/posts\/81495\/revisions"}],"wp:featuredmedia":[{"embeddable":true,"href":"https:\/\/politicosaldesnudo.com.mx\/index.php\/wp-json\/wp\/v2\/media\/78055"}],"wp:attachment":[{"href":"https:\/\/politicosaldesnudo.com.mx\/index.php\/wp-json\/wp\/v2\/media?parent=81495"}],"wp:term":[{"taxonomy":"category","embeddable":true,"href":"https:\/\/politicosaldesnudo.com.mx\/index.php\/wp-json\/wp\/v2\/categories?post=81495"},{"taxonomy":"post_tag","embeddable":true,"href":"https:\/\/politicosaldesnudo.com.mx\/index.php\/wp-json\/wp\/v2\/tags?post=81495"}],"curies":[{"name":"wp","href":"https:\/\/api.w.org\/{rel}","templated":true}]}}