{"id":81503,"date":"2026-03-11T23:08:02","date_gmt":"2026-03-12T05:08:02","guid":{"rendered":"https:\/\/politicosaldesnudo.com.mx\/?p=81503"},"modified":"2026-03-12T23:09:16","modified_gmt":"2026-03-13T05:09:16","slug":"la-lealtad-en-duda","status":"publish","type":"post","link":"https:\/\/politicosaldesnudo.com.mx\/index.php\/2026\/03\/11\/la-lealtad-en-duda\/","title":{"rendered":"La lealtad en duda"},"content":{"rendered":"<p style=\"font-weight: 400;\"><em>\u201cNunca pienso en el futuro. Llega enseguida.\u201d. \u2013 Albert Einstein.<\/em><\/p>\n<p style=\"font-weight: 400;\"><strong>\u00a0<\/strong><\/p>\n<p style=\"font-weight: 400;\"><strong>En pol\u00edtica, los momentos de definici\u00f3n suelen revelar m\u00e1s que mil discursos. La reciente votaci\u00f3n de la reforma electoral impulsada por la presidenta Claudia Sheinbaum Pardo dej\u00f3 al descubierto no solo las correlaciones de fuerza en el Congreso, sino tambi\u00e9n las grietas internas dentro del movimiento que la llev\u00f3 al poder. Los n\u00fameros son claros: de 494 votos emitidos, 259 fueron a favor, 234 en contra y uno en abstenci\u00f3n. Sin embargo, m\u00e1s all\u00e1 de la aritm\u00e9tica legislativa, el episodio deja una pregunta inevitable: \u00bfa qui\u00e9n representan realmente algunos legisladores?<\/strong><\/p>\n<p style=\"font-weight: 400;\"><strong>El partido Morena, que lleg\u00f3 al poder bajo la bandera de la llamada Cuarta Transformaci\u00f3n, vot\u00f3 mayoritariamente a favor de la reforma. No obstante, tres de sus propios legisladores \u2014Giselle Arellano \u00c1bila, Alejandra Chedraui Peralta y Santy Montemayo\u2014 decidieron votar en contra de la iniciativa presidencial. A ello se sumaron ausencias que tambi\u00e9n pesan pol\u00edticamente: Manuel Espino, Jes\u00fas Jim\u00e9nez, Iv\u00e1n Pe\u00f1a y Olga S\u00e1nchez Cordero.<\/strong><\/p>\n<p style=\"font-weight: 400;\"><strong>En un sistema parlamentario o presidencial fuerte, las votaciones estrat\u00e9gicas suelen ser prueba de cohesi\u00f3n pol\u00edtica. Cuando esa cohesi\u00f3n falla, inevitablemente surge la sospecha: intereses personales, presiones externas o c\u00e1lculos pol\u00edticos de corto plazo. Lo cierto es que, en un momento donde el proyecto pol\u00edtico de la presidenta busca consolidarse institucionalmente, la fractura en su propia bancada env\u00eda se\u00f1ales contradictorias.<\/strong><\/p>\n<p style=\"font-weight: 400;\"><strong>El comportamiento de los partidos aliados tampoco pas\u00f3 desapercibido. El Partido Verde Ecologista de M\u00e9xico y el Partido del Trabajo, que durante a\u00f1os han sido considerados socios estrat\u00e9gicos del oficialismo, votaron mayoritariamente en contra. Parad\u00f3jicamente, varios de sus legisladores rompieron la l\u00ednea de su partido para respaldar la iniciativa presidencial. Este fen\u00f3meno evidencia algo m\u00e1s profundo: la alianza legislativa que sostiene al oficialismo no siempre responde a una convicci\u00f3n pol\u00edtica, sino a una compleja red de intereses y negociaciones.<\/strong><\/p>\n<p style=\"font-weight: 400;\"><strong>En el bloque opositor no hubo sorpresas. El Partido Acci\u00f3n Nacional, el Partido Revolucionario Institucional y Movimiento Ciudadano votaron pr\u00e1cticamente en bloque contra la reforma. Era previsible. Para ellos, la reforma electoral representa un cambio estructural que amenaza el equilibrio pol\u00edtico que han defendido durante d\u00e9cadas.<\/strong><\/p>\n<p style=\"font-weight: 400;\"><strong>Lo verdaderamente revelador, sin embargo, est\u00e1 dentro del propio movimiento gobernante. La Cuarta Transformaci\u00f3n ha construido su narrativa pol\u00edtica sobre la idea de un mandato popular claro y de una agenda de cambios profundos. Cuando algunos de sus propios legisladores deciden desmarcarse de ese proyecto, el mensaje que se env\u00eda a la ciudadan\u00eda es preocupante: la disciplina pol\u00edtica se diluye cuando aparecen intereses particulares.<\/strong><\/p>\n<p style=\"font-weight: 400;\"><strong>La historia pol\u00edtica mexicana est\u00e1 llena de ejemplos de legisladores que olvidaron que su principal compromiso deb\u00eda ser con el pa\u00eds y con los ciudadanos que los eligieron. Hoy, esta votaci\u00f3n vuelve a poner sobre la mesa un debate esencial: el de la congruencia.<\/strong><\/p>\n<p style=\"font-weight: 400;\"><strong>Porque en pol\u00edtica, como advert\u00eda Benito Ju\u00e1rez, \u201cmalditos aquellos que con sus palabras defienden al pueblo y con sus hechos lo traicionan\u201d. Y en la votaci\u00f3n de la reforma electoral, m\u00e1s de uno qued\u00f3 expuesto frente a la historia.<\/strong><\/p>\n<p style=\"font-weight: 400;\"><strong>\u00a0<\/strong><\/p>\n<p style=\"font-weight: 400;\"><strong>Sextante.<\/strong><\/p>\n<p style=\"font-weight: 400;\"><strong>Finanzas que ordenan el futuro.<\/strong><\/p>\n<p style=\"font-weight: 400;\"><strong>En pol\u00edtica, los resultados suelen ser el mejor argumento. Y cuando se trata de la administraci\u00f3n de los recursos p\u00fablicos, el term\u00f3metro m\u00e1s claro es la salud financiera de un gobierno. En ese terreno, Veracruz comienza a mostrar se\u00f1ales de una evoluci\u00f3n positiva que no es producto de la casualidad, sino de una pol\u00edtica financiera basada en tres pilares esenciales: eficiencia, disciplina y transparencia.<\/strong><\/p>\n<p style=\"font-weight: 400;\"><strong>Miguel Reyes Hern\u00e1ndez es el art\u00edfice de esta reducci\u00f3n significativa de la deuda p\u00fablica estatal es uno de los indicadores m\u00e1s claros de este cambio de rumbo. Durante a\u00f1os, las finanzas de Veracruz cargaron con el peso de decisiones irresponsables, endeudamientos opacos y una administraci\u00f3n que comprometi\u00f3 el futuro de varias generaciones. Hoy, sin embargo, el panorama empieza a mostrar una l\u00f3gica distinta: ordenar la casa antes de pensar en nuevos compromisos.<\/strong><\/p>\n<p style=\"font-weight: 400;\"><strong>En ese proceso ha sido determinante el papel del actual titular de la Secretar\u00eda de Finanzas y Planeaci\u00f3n del Gobierno del Estado. M\u00e1s all\u00e1 de la discreci\u00f3n que suele caracterizar a los responsables de las finanzas p\u00fablicas, el funcionario ha apostado por una estrategia que combina prudencia fiscal con eficiencia administrativa. La l\u00f3gica es simple, pero poderosa: gastar mejor, recaudar con mayor eficiencia y administrar con responsabilidad.<\/strong><\/p>\n<p style=\"font-weight: 400;\"><strong>Reducir la deuda no significa \u00fanicamente pagar compromisos; implica tambi\u00e9n enviar un mensaje de confianza a los mercados, a las instituciones financieras y, sobre todo, a los ciudadanos. Un estado con finanzas ordenadas tiene mayor capacidad para invertir en infraestructura, programas sociales y desarrollo econ\u00f3mico. Es decir, la disciplina financiera termina traduci\u00e9ndose en bienestar p\u00fablico.<\/strong><\/p>\n<p style=\"font-weight: 400;\"><strong>Pero quiz\u00e1s el aspecto m\u00e1s relevante de este proceso es la consolidaci\u00f3n de una cultura administrativa distinta. Durante mucho tiempo, la opacidad fue el sello de muchas \u00e1reas gubernamentales. Hoy, el \u00e9nfasis en la transparencia y la rendici\u00f3n de cuentas busca romper con esa inercia y reconstruir la credibilidad institucional.<\/strong><\/p>\n<p style=\"font-weight: 400;\"><strong>No es un camino sencillo. Ordenar las finanzas p\u00fablicas implica tomar decisiones que no siempre son populares, pero que resultan indispensables para garantizar estabilidad a largo plazo. La responsabilidad fiscal rara vez genera titulares espectaculares, pero s\u00ed construye bases s\u00f3lidas para el desarrollo.<\/strong><\/p>\n<p style=\"font-weight: 400;\"><strong>La experiencia de Veracruz muestra que cuando la pol\u00edtica financiera se gu\u00eda por la eficiencia, la disciplina y la transparencia, los resultados comienzan a reflejarse en indicadores concretos.<\/strong><\/p>\n<p style=\"font-weight: 400;\"><strong>La reducci\u00f3n de la deuda p\u00fablica estatal no es \u00fanicamente una cifra en un reporte financiero. Es la se\u00f1al de que una administraci\u00f3n responsable puede corregir el rumbo y demostrar que el manejo de los recursos p\u00fablicos tambi\u00e9n puede ser sin\u00f3nimo de orden, seriedad y visi\u00f3n de futuro.<\/strong><\/p>\n<p style=\"font-weight: 400;\"><strong>Porque, al final del d\u00eda, gobernar bien tambi\u00e9n significa saber administrar. Y en Veracruz, las finanzas comienzan a contar una historia distinta.<\/strong><\/p>\n<p style=\"font-weight: 400;\"><strong>\u00a0<\/strong><\/p>\n<p style=\"font-weight: 400;\"><strong>Al tiempo.<\/strong><\/p>\n<p><img data-recalc-dims=\"1\" loading=\"lazy\" decoding=\"async\" class=\"aligncenter size-full wp-image-81479\" src=\"https:\/\/i0.wp.com\/politicosaldesnudo.com.mx\/wp-content\/uploads\/2026\/03\/FIRMA-EDITORIAL-PD-3.jpg?resize=800%2C98&#038;ssl=1\" alt=\"\" width=\"800\" height=\"98\" srcset=\"https:\/\/i0.wp.com\/politicosaldesnudo.com.mx\/wp-content\/uploads\/2026\/03\/FIRMA-EDITORIAL-PD-3.jpg?w=1024&amp;ssl=1 1024w, https:\/\/i0.wp.com\/politicosaldesnudo.com.mx\/wp-content\/uploads\/2026\/03\/FIRMA-EDITORIAL-PD-3.jpg?resize=300%2C37&amp;ssl=1 300w, https:\/\/i0.wp.com\/politicosaldesnudo.com.mx\/wp-content\/uploads\/2026\/03\/FIRMA-EDITORIAL-PD-3.jpg?resize=768%2C94&amp;ssl=1 768w\" sizes=\"auto, (max-width: 800px) 100vw, 800px\" \/><\/p>\n","protected":false},"excerpt":{"rendered":"<p>\u201cNunca pienso en el futuro. Llega enseguida.\u201d. \u2013 Albert Einstein. \u00a0 En pol\u00edtica, los momentos de definici\u00f3n suelen revelar m\u00e1s<\/p>\n","protected":false},"author":4,"featured_media":78055,"comment_status":"closed","ping_status":"closed","sticky":false,"template":"","format":"standard","meta":{"colormag_page_container_layout":"default_layout","colormag_page_sidebar_layout":"default_layout","_jetpack_memberships_contains_paid_content":false,"footnotes":"","jetpack_publicize_message":"","jetpack_publicize_feature_enabled":true,"jetpack_social_post_already_shared":true,"jetpack_social_options":{"image_generator_settings":{"template":"highway","default_image_id":0,"font":"","enabled":false},"version":2}},"categories":[26],"tags":[],"class_list":["post-81503","post","type-post","status-publish","format-standard","has-post-thumbnail","hentry","category-columnistas"],"jetpack_publicize_connections":[],"jetpack_featured_media_url":"https:\/\/i0.wp.com\/politicosaldesnudo.com.mx\/wp-content\/uploads\/2026\/01\/BANNER-BAQUEIRO.jpg?fit=666%2C371&ssl=1","jetpack-related-posts":[],"jetpack_sharing_enabled":true,"_links":{"self":[{"href":"https:\/\/politicosaldesnudo.com.mx\/index.php\/wp-json\/wp\/v2\/posts\/81503","targetHints":{"allow":["GET"]}}],"collection":[{"href":"https:\/\/politicosaldesnudo.com.mx\/index.php\/wp-json\/wp\/v2\/posts"}],"about":[{"href":"https:\/\/politicosaldesnudo.com.mx\/index.php\/wp-json\/wp\/v2\/types\/post"}],"author":[{"embeddable":true,"href":"https:\/\/politicosaldesnudo.com.mx\/index.php\/wp-json\/wp\/v2\/users\/4"}],"replies":[{"embeddable":true,"href":"https:\/\/politicosaldesnudo.com.mx\/index.php\/wp-json\/wp\/v2\/comments?post=81503"}],"version-history":[{"count":0,"href":"https:\/\/politicosaldesnudo.com.mx\/index.php\/wp-json\/wp\/v2\/posts\/81503\/revisions"}],"wp:featuredmedia":[{"embeddable":true,"href":"https:\/\/politicosaldesnudo.com.mx\/index.php\/wp-json\/wp\/v2\/media\/78055"}],"wp:attachment":[{"href":"https:\/\/politicosaldesnudo.com.mx\/index.php\/wp-json\/wp\/v2\/media?parent=81503"}],"wp:term":[{"taxonomy":"category","embeddable":true,"href":"https:\/\/politicosaldesnudo.com.mx\/index.php\/wp-json\/wp\/v2\/categories?post=81503"},{"taxonomy":"post_tag","embeddable":true,"href":"https:\/\/politicosaldesnudo.com.mx\/index.php\/wp-json\/wp\/v2\/tags?post=81503"}],"curies":[{"name":"wp","href":"https:\/\/api.w.org\/{rel}","templated":true}]}}