{"id":81505,"date":"2026-03-13T00:00:31","date_gmt":"2026-03-13T06:00:31","guid":{"rendered":"https:\/\/politicosaldesnudo.com.mx\/?p=81505"},"modified":"2026-03-12T23:14:56","modified_gmt":"2026-03-13T05:14:56","slug":"mexico-no-se-desacredita-desde-casa","status":"publish","type":"post","link":"https:\/\/politicosaldesnudo.com.mx\/index.php\/2026\/03\/13\/mexico-no-se-desacredita-desde-casa\/","title":{"rendered":"M\u00e9xico no se desacredita desde casa"},"content":{"rendered":"<p><span style=\"font-family: arial, helvetica, sans-serif; font-size: 18pt;\"><strong>ALMA GRANDE<\/strong><\/span><\/p>\n<p><span style=\"font-family: arial, helvetica, sans-serif; font-size: 18pt;\"><strong>POR \u00c1NGEL \u00c1LVARO PE\u00d1A<\/strong><\/span><\/p>\n<p><span style=\"font-family: arial, helvetica, sans-serif; font-size: 14pt;\">En los \u00faltimos d\u00edas han surgido voces que buscan desacreditar a M\u00e9xico y cuestionar el papel del pa\u00eds rumbo a la organizaci\u00f3n del FIFA World Cup 2026. M\u00e1s all\u00e1 del debate pol\u00edtico interno, preocupa que algunos actores utilicen espacios medi\u00e1ticos y plataformas de influencia para proyectar al exterior una narrativa negativa sobre el pa\u00eds.<\/span><\/p>\n<p><span style=\"font-family: arial, helvetica, sans-serif; font-size: 14pt;\">Personajes como Ricardo Salinas Pliego y Claudio X. Gonz\u00e1lez han impulsado cr\u00edticas constantes hacia el gobierno federal y particularmente hacia la presidenta Claudia Sheinbaum. El problema no es la cr\u00edtica \u2014que siempre ser\u00e1 parte de la vida democr\u00e1tica\u2014 sino cuando esta se convierte en una estrategia para amplificar versiones distorsionadas o narrativas que terminan afectando la imagen del pa\u00eds en el extranjero.<\/span><\/p>\n<p><span style=\"font-family: arial, helvetica, sans-serif; font-size: 14pt;\">En esa misma l\u00ednea, comunicadores como Carlos Loret de Mola han insistido en cuestionamientos que, m\u00e1s all\u00e1 de informar, parecen orientados a confrontar permanentemente al gobierno. En contraste, hay quienes desde el periodismo han asumido posturas distintas. El caso de Joaqu\u00edn L\u00f3pez-D\u00f3riga muestra que es posible mantener una l\u00ednea cr\u00edtica sin perder de vista el inter\u00e9s nacional.<\/span><\/p>\n<p><span style=\"font-family: arial, helvetica, sans-serif; font-size: 14pt;\">El FIFA World Cup 2026 representa una oportunidad hist\u00f3rica para M\u00e9xico. No solo por el espect\u00e1culo deportivo, sino por el impacto econ\u00f3mico, tur\u00edstico y cultural que traer\u00e1 consigo. Hablar mal del pa\u00eds en el extranjero o intentar desacreditar su capacidad organizativa no afecta \u00fanicamente a un gobierno, sino a toda la naci\u00f3n.<\/span><\/p>\n<p><span style=\"font-family: arial, helvetica, sans-serif; font-size: 14pt;\">En ese contexto, la presidenta Claudia Sheinbaum ha mantenido una postura de defensa institucional del pa\u00eds. M\u00e1s all\u00e1 de las diferencias pol\u00edticas, su responsabilidad es representar a M\u00e9xico y garantizar que eventos internacionales de esta magnitud se desarrollen con \u00e9xito.<\/span><\/p>\n<p><span style=\"font-family: arial, helvetica, sans-serif; font-size: 14pt;\">La discusi\u00f3n p\u00fablica debe ser firme, cr\u00edtica y plural, pero tambi\u00e9n responsable. M\u00e9xico tiene por delante una vitrina global con el Mundial, y el reto no es dividirse, sino demostrar que el pa\u00eds puede estar a la altura de uno de los eventos m\u00e1s importantes del planeta. Porque al final, el Mundial no es de un gobierno ni de un grupo pol\u00edtico: es de M\u00e9xico.<\/span><\/p>\n<p><span style=\"font-family: arial, helvetica, sans-serif; font-size: 14pt;\">Esta columna se publica los lunes, mi\u00e9rcoles y viernes.<br \/>\n<img data-recalc-dims=\"1\" loading=\"lazy\" decoding=\"async\" class=\"aligncenter size-full wp-image-81479\" src=\"https:\/\/i0.wp.com\/politicosaldesnudo.com.mx\/wp-content\/uploads\/2026\/03\/FIRMA-EDITORIAL-PD-3.jpg?resize=800%2C98&#038;ssl=1\" alt=\"\" width=\"800\" height=\"98\" srcset=\"https:\/\/i0.wp.com\/politicosaldesnudo.com.mx\/wp-content\/uploads\/2026\/03\/FIRMA-EDITORIAL-PD-3.jpg?w=1024&amp;ssl=1 1024w, https:\/\/i0.wp.com\/politicosaldesnudo.com.mx\/wp-content\/uploads\/2026\/03\/FIRMA-EDITORIAL-PD-3.jpg?resize=300%2C37&amp;ssl=1 300w, https:\/\/i0.wp.com\/politicosaldesnudo.com.mx\/wp-content\/uploads\/2026\/03\/FIRMA-EDITORIAL-PD-3.jpg?resize=768%2C94&amp;ssl=1 768w\" sizes=\"auto, (max-width: 800px) 100vw, 800px\" \/><br \/>\n<\/span><\/p>\n","protected":false},"excerpt":{"rendered":"<p>ALMA GRANDE POR \u00c1NGEL \u00c1LVARO PE\u00d1A En los \u00faltimos d\u00edas han surgido voces que buscan desacreditar a M\u00e9xico y cuestionar<\/p>\n","protected":false},"author":4,"featured_media":81290,"comment_status":"closed","ping_status":"closed","sticky":false,"template":"","format":"standard","meta":{"colormag_page_container_layout":"default_layout","colormag_page_sidebar_layout":"default_layout","_jetpack_memberships_contains_paid_content":false,"footnotes":"","jetpack_publicize_message":"","jetpack_publicize_feature_enabled":true,"jetpack_social_post_already_shared":true,"jetpack_social_options":{"image_generator_settings":{"template":"highway","default_image_id":0,"font":"","enabled":false},"version":2}},"categories":[26],"tags":[],"class_list":["post-81505","post","type-post","status-publish","format-standard","has-post-thumbnail","hentry","category-columnistas"],"jetpack_publicize_connections":[],"jetpack_featured_media_url":"https:\/\/i0.wp.com\/politicosaldesnudo.com.mx\/wp-content\/uploads\/2026\/03\/BANNER-LOPEZ-DORIGA-DIGITAL-1.jpg?fit=800%2C445&ssl=1","jetpack-related-posts":[],"jetpack_sharing_enabled":true,"_links":{"self":[{"href":"https:\/\/politicosaldesnudo.com.mx\/index.php\/wp-json\/wp\/v2\/posts\/81505","targetHints":{"allow":["GET"]}}],"collection":[{"href":"https:\/\/politicosaldesnudo.com.mx\/index.php\/wp-json\/wp\/v2\/posts"}],"about":[{"href":"https:\/\/politicosaldesnudo.com.mx\/index.php\/wp-json\/wp\/v2\/types\/post"}],"author":[{"embeddable":true,"href":"https:\/\/politicosaldesnudo.com.mx\/index.php\/wp-json\/wp\/v2\/users\/4"}],"replies":[{"embeddable":true,"href":"https:\/\/politicosaldesnudo.com.mx\/index.php\/wp-json\/wp\/v2\/comments?post=81505"}],"version-history":[{"count":0,"href":"https:\/\/politicosaldesnudo.com.mx\/index.php\/wp-json\/wp\/v2\/posts\/81505\/revisions"}],"wp:featuredmedia":[{"embeddable":true,"href":"https:\/\/politicosaldesnudo.com.mx\/index.php\/wp-json\/wp\/v2\/media\/81290"}],"wp:attachment":[{"href":"https:\/\/politicosaldesnudo.com.mx\/index.php\/wp-json\/wp\/v2\/media?parent=81505"}],"wp:term":[{"taxonomy":"category","embeddable":true,"href":"https:\/\/politicosaldesnudo.com.mx\/index.php\/wp-json\/wp\/v2\/categories?post=81505"},{"taxonomy":"post_tag","embeddable":true,"href":"https:\/\/politicosaldesnudo.com.mx\/index.php\/wp-json\/wp\/v2\/tags?post=81505"}],"curies":[{"name":"wp","href":"https:\/\/api.w.org\/{rel}","templated":true}]}}