{"id":81507,"date":"2026-03-14T00:01:41","date_gmt":"2026-03-14T06:01:41","guid":{"rendered":"https:\/\/politicosaldesnudo.com.mx\/?p=81507"},"modified":"2026-03-13T19:34:11","modified_gmt":"2026-03-14T01:34:11","slug":"necesario-un-trabajo-cercano-a-las-colonias","status":"publish","type":"post","link":"https:\/\/politicosaldesnudo.com.mx\/index.php\/2026\/03\/14\/necesario-un-trabajo-cercano-a-las-colonias\/","title":{"rendered":"Necesario un trabajo cercano a las colonias"},"content":{"rendered":"<p>Juana Edith P\u00e9rez Dom\u00ednguez se present\u00f3 ante medios de comunicaci\u00f3n como candidata a agente municipal del ejido La Ceiba, acompa\u00f1ada por Lourdes Castellanos, quien participa como suplente en la f\u00f3rmula rumbo a la elecci\u00f3n que se realizar\u00e1 el pr\u00f3ximo 5 de abril.<\/p>\n<p>Durante su intervenci\u00f3n, P\u00e9rez Dom\u00ednguez explic\u00f3 que decidi\u00f3 participar en este proceso motivada por el inter\u00e9s de trabajar por el desarrollo del ejido y atender las principales necesidades de las colonias que lo integran. Se\u00f1al\u00f3 que tiene m\u00e1s de 40 a\u00f1os viviendo en la comunidad, por lo que conoce de cerca las problem\u00e1ticas que enfrentan los habitantes.<\/p>\n<p>\u201cVenimos con toda la intenci\u00f3n de trabajar para la gente, de escuchar y de gestionar soluciones para nuestras colonias. Nuestro ejido merece avanzar y tener mejores resultados\u201d, expres\u00f3.<\/p>\n<p>La candidata destac\u00f3 que el papel de la agencia municipal es servir como enlace entre la ciudadan\u00eda y el Ayuntamiento, por lo que su propuesta se centra en mantener cercan\u00eda con la poblaci\u00f3n y gestionar servicios b\u00e1sicos que a\u00fan hacen falta en diversas zonas.<\/p>\n<p>Entre las principales necesidades mencion\u00f3 la ampliaci\u00f3n de la red de agua potable, as\u00ed como la mejora en drenaje, rehabilitaci\u00f3n de calles y accesos, especialmente en colonias que a\u00fan carecen de infraestructura b\u00e1sica.<\/p>\n<p>El ejido La Ceiba est\u00e1 conformado por alrededor de 13 a 14 colonias, entre ellas Colonia del Puerto, Ampliaci\u00f3n Rodr\u00edguez Cano, Las Delicias, Ni\u00f1os H\u00e9roes, Revolucionaria, La Escondida, Nacional, Toribio, Ampliaci\u00f3n Toribio, Regina Priego y Antorchas, adem\u00e1s de nuevos asentamientos que contin\u00faan form\u00e1ndose.<\/p>\n<p>P\u00e9rez Dom\u00ednguez subray\u00f3 que muchas de estas colonias presentan rezagos importantes, particularmente en accesos y servicios, por lo que considera fundamental trabajar en circuitos viales y caminos dignos que permitan mejorar la movilidad y facilitar la llegada de servicios p\u00fablicos.<\/p>\n<p>Asimismo, se\u00f1al\u00f3 que buscar\u00e1 mantener coordinaci\u00f3n con la administraci\u00f3n municipal encabezada por el alcalde Daniel Cortina, con el objetivo de impulsar proyectos que beneficien a las comunidades.<\/p>\n<p>Por su parte, integrantes de la f\u00f3rmula destacaron que la candidata conoce de cerca las necesidades del ejido debido a su cercan\u00eda con la poblaci\u00f3n y el trabajo comunitario que ha realizado durante a\u00f1os.<\/p>\n<p>El proceso electoral para las agencias municipales contempla un periodo de proselitismo que concluir\u00e1 cinco d\u00edas antes de la jornada electoral, programada para el 5 de abril, cuando los habitantes del ejido acudir\u00e1n a votar en la galera p\u00fablica ubicada en la colonia La Escondida, a partir de las 11:00 de la ma\u00f1ana.<\/p>\n<p>La candidata reiter\u00f3 el llamado a los vecinos del ejido La Ceiba para que participen en la elecci\u00f3n y les den la oportunidad de representar a sus comunidades.<\/p>\n<p>\u201cQueremos ser una agencia municipal que no espere a que la gente llegue, sino que sea la que vaya a las colonias, escuche y gestione soluciones para todos\u201d, concluy\u00f3.<\/p>\n","protected":false},"excerpt":{"rendered":"<p>Juana Edith P\u00e9rez Dom\u00ednguez se present\u00f3 ante medios de comunicaci\u00f3n como candidata a agente municipal del ejido La Ceiba, acompa\u00f1ada<\/p>\n","protected":false},"author":4,"featured_media":81508,"comment_status":"closed","ping_status":"closed","sticky":false,"template":"","format":"standard","meta":{"colormag_page_container_layout":"default_layout","colormag_page_sidebar_layout":"default_layout","_jetpack_memberships_contains_paid_content":false,"footnotes":"","jetpack_publicize_message":"","jetpack_publicize_feature_enabled":true,"jetpack_social_post_already_shared":true,"jetpack_social_options":{"image_generator_settings":{"template":"highway","default_image_id":0,"font":"","enabled":false},"version":2}},"categories":[1082],"tags":[],"class_list":["post-81507","post","type-post","status-publish","format-standard","has-post-thumbnail","hentry","category-tuxpan"],"jetpack_publicize_connections":[],"jetpack_featured_media_url":"https:\/\/i0.wp.com\/politicosaldesnudo.com.mx\/wp-content\/uploads\/2026\/03\/VI.jpg?fit=1200%2C900&ssl=1","jetpack-related-posts":[],"jetpack_sharing_enabled":true,"_links":{"self":[{"href":"https:\/\/politicosaldesnudo.com.mx\/index.php\/wp-json\/wp\/v2\/posts\/81507","targetHints":{"allow":["GET"]}}],"collection":[{"href":"https:\/\/politicosaldesnudo.com.mx\/index.php\/wp-json\/wp\/v2\/posts"}],"about":[{"href":"https:\/\/politicosaldesnudo.com.mx\/index.php\/wp-json\/wp\/v2\/types\/post"}],"author":[{"embeddable":true,"href":"https:\/\/politicosaldesnudo.com.mx\/index.php\/wp-json\/wp\/v2\/users\/4"}],"replies":[{"embeddable":true,"href":"https:\/\/politicosaldesnudo.com.mx\/index.php\/wp-json\/wp\/v2\/comments?post=81507"}],"version-history":[{"count":0,"href":"https:\/\/politicosaldesnudo.com.mx\/index.php\/wp-json\/wp\/v2\/posts\/81507\/revisions"}],"wp:featuredmedia":[{"embeddable":true,"href":"https:\/\/politicosaldesnudo.com.mx\/index.php\/wp-json\/wp\/v2\/media\/81508"}],"wp:attachment":[{"href":"https:\/\/politicosaldesnudo.com.mx\/index.php\/wp-json\/wp\/v2\/media?parent=81507"}],"wp:term":[{"taxonomy":"category","embeddable":true,"href":"https:\/\/politicosaldesnudo.com.mx\/index.php\/wp-json\/wp\/v2\/categories?post=81507"},{"taxonomy":"post_tag","embeddable":true,"href":"https:\/\/politicosaldesnudo.com.mx\/index.php\/wp-json\/wp\/v2\/tags?post=81507"}],"curies":[{"name":"wp","href":"https:\/\/api.w.org\/{rel}","templated":true}]}}