{"id":81510,"date":"2026-03-14T00:02:33","date_gmt":"2026-03-14T06:02:33","guid":{"rendered":"https:\/\/politicosaldesnudo.com.mx\/?p=81510"},"modified":"2026-03-13T19:35:04","modified_gmt":"2026-03-14T01:35:04","slug":"intensifican-labores-de-limpieza-en-playa","status":"publish","type":"post","link":"https:\/\/politicosaldesnudo.com.mx\/index.php\/2026\/03\/14\/intensifican-labores-de-limpieza-en-playa\/","title":{"rendered":"Intensifican labores de limpieza en playa"},"content":{"rendered":"<p>Como parte de las acciones previas al pr\u00f3ximo periodo vacacional de Semana Santa, contin\u00faan los trabajos de preparaci\u00f3n en las zonas tur\u00edsticas del municipio, con el objetivo de ofrecer espacios limpios, seguros y en \u00f3ptimas condiciones para las y los visitantes.<\/p>\n<p>Este d\u00eda se llevaron a cabo labores de limpieza en la zona de playa, donde personal del Ayuntamiento, a trav\u00e9s de la direcci\u00f3n de Obras P\u00fablicas, en coordinaci\u00f3n con la Marina y representantes de la iniciativa privada, sumaron esfuerzos para retirar basura y palizada acumulada, adem\u00e1s de realizar el acondicionamiento de accesos y caminos.<\/p>\n<p>Paralelamente, se han fortalecido las acciones de capacitaci\u00f3n dirigidas al personal de primer contacto en atenci\u00f3n, servicios y auxilio, con la finalidad de brindar una mejor experiencia y garantizar la seguridad de quienes visiten las playas durante la temporada vacacional.<\/p>\n<p>Las labores permitieron completar el retiro de residuos en Playa Esmeralda, desde la primera entrada ubicada en las proximidades del \u201cFaro\u201d, as\u00ed como la rehabilitaci\u00f3n de accesos y caminos, mejorando de manera significativa la imagen y funcionalidad de este importante espacio tur\u00edstico.<\/p>\n<p>Cabe destacar que esta zona de playa ser\u00e1 sede de la primera edici\u00f3n del Farofest, por lo que se trabaja en el acondicionamiento del \u00e1rea para que sea un espacio seguro, ordenado y adecuado para el desarrollo de las actividades programadas.<\/p>\n<p>As\u00ed, el Gobierno Municipal sigue con su compromiso de mantener en \u00f3ptimas condiciones los atractivos naturales del municipio y continuar con los preparativos para recibir a las familias y turistas que visitar\u00e1n la ciudad durante la pr\u00f3xima Semana Santa.<\/p>\n","protected":false},"excerpt":{"rendered":"<p>Como parte de las acciones previas al pr\u00f3ximo periodo vacacional de Semana Santa, contin\u00faan los trabajos de preparaci\u00f3n en las<\/p>\n","protected":false},"author":4,"featured_media":81511,"comment_status":"closed","ping_status":"closed","sticky":false,"template":"","format":"standard","meta":{"colormag_page_container_layout":"default_layout","colormag_page_sidebar_layout":"default_layout","_jetpack_memberships_contains_paid_content":false,"footnotes":"","jetpack_publicize_message":"","jetpack_publicize_feature_enabled":true,"jetpack_social_post_already_shared":true,"jetpack_social_options":{"image_generator_settings":{"template":"highway","default_image_id":0,"font":"","enabled":false},"version":2}},"categories":[1082],"tags":[],"class_list":["post-81510","post","type-post","status-publish","format-standard","has-post-thumbnail","hentry","category-tuxpan"],"jetpack_publicize_connections":[],"jetpack_featured_media_url":"https:\/\/i0.wp.com\/politicosaldesnudo.com.mx\/wp-content\/uploads\/2026\/03\/PLAY.jpg?fit=1200%2C800&ssl=1","jetpack-related-posts":[],"jetpack_sharing_enabled":true,"_links":{"self":[{"href":"https:\/\/politicosaldesnudo.com.mx\/index.php\/wp-json\/wp\/v2\/posts\/81510","targetHints":{"allow":["GET"]}}],"collection":[{"href":"https:\/\/politicosaldesnudo.com.mx\/index.php\/wp-json\/wp\/v2\/posts"}],"about":[{"href":"https:\/\/politicosaldesnudo.com.mx\/index.php\/wp-json\/wp\/v2\/types\/post"}],"author":[{"embeddable":true,"href":"https:\/\/politicosaldesnudo.com.mx\/index.php\/wp-json\/wp\/v2\/users\/4"}],"replies":[{"embeddable":true,"href":"https:\/\/politicosaldesnudo.com.mx\/index.php\/wp-json\/wp\/v2\/comments?post=81510"}],"version-history":[{"count":0,"href":"https:\/\/politicosaldesnudo.com.mx\/index.php\/wp-json\/wp\/v2\/posts\/81510\/revisions"}],"wp:featuredmedia":[{"embeddable":true,"href":"https:\/\/politicosaldesnudo.com.mx\/index.php\/wp-json\/wp\/v2\/media\/81511"}],"wp:attachment":[{"href":"https:\/\/politicosaldesnudo.com.mx\/index.php\/wp-json\/wp\/v2\/media?parent=81510"}],"wp:term":[{"taxonomy":"category","embeddable":true,"href":"https:\/\/politicosaldesnudo.com.mx\/index.php\/wp-json\/wp\/v2\/categories?post=81510"},{"taxonomy":"post_tag","embeddable":true,"href":"https:\/\/politicosaldesnudo.com.mx\/index.php\/wp-json\/wp\/v2\/tags?post=81510"}],"curies":[{"name":"wp","href":"https:\/\/api.w.org\/{rel}","templated":true}]}}