{"id":81513,"date":"2026-03-14T00:03:24","date_gmt":"2026-03-14T06:03:24","guid":{"rendered":"https:\/\/politicosaldesnudo.com.mx\/?p=81513"},"modified":"2026-03-13T19:35:52","modified_gmt":"2026-03-14T01:35:52","slug":"llega-nueva-ambulancia-a-cruz-roja","status":"publish","type":"post","link":"https:\/\/politicosaldesnudo.com.mx\/index.php\/2026\/03\/14\/llega-nueva-ambulancia-a-cruz-roja\/","title":{"rendered":"Llega nueva ambulancia a Cruz Roja"},"content":{"rendered":"<p>En el marco de la Colecta Anual de la Cruz Roja, el presidente del Consejo Directivo, Miguel Alc\u00e1ntar Rodr\u00edguez, inform\u00f3 que recientemente se integr\u00f3 una ambulancia de uso al parque vehicular de la delegaci\u00f3n, lo que permitir\u00e1 fortalecer la capacidad de atenci\u00f3n de los servicios de emergencia.<\/p>\n<p>Explic\u00f3 que actualmente la instituci\u00f3n cuenta con dos ambulancias, de las cuales una se encuentra operativa, mientras que la segunda est\u00e1 en proceso de reparaci\u00f3n con apoyo del Ayuntamiento.<\/p>\n<p>\u201cTenemos actualmente dos ambulancias. La que est\u00e1 operativa es una; la otra el licenciado Daniel Cortina nos est\u00e1 haciendo el favor de repararla por parte del Ayuntamiento y esperamos que en breve tambi\u00e9n quede funcional\u201d, se\u00f1al\u00f3.<\/p>\n<p>Indic\u00f3 que algunas unidades con las que contaba anteriormente la delegaci\u00f3n eran modelos muy antiguos, por lo que ya no resultaba viable invertir en su reparaci\u00f3n, debido a que su tiempo de vida \u00fatil ser\u00eda limitado.<\/p>\n<p>Asimismo, mencion\u00f3 que incluso las ambulancias que contin\u00faan en servicio no son modelos recientes, por lo que requieren mantenimiento constante a lo largo del a\u00f1o para mantenerse en condiciones de operaci\u00f3n.<\/p>\n<p>En este contexto, Alc\u00e1ntar Rodr\u00edguez subray\u00f3 que la incorporaci\u00f3n de esta ambulancia de uso representa un apoyo importante para la instituci\u00f3n, ya que contribuir\u00e1 a reforzar la atenci\u00f3n de emergencias que brinda la Cruz Roja a la poblaci\u00f3n.<\/p>\n<p>En cuanto a la operatividad de la delegaci\u00f3n, explic\u00f3 que los gastos de funcionamiento ascienden aproximadamente a 250 mil pesos mensuales, recursos que se destinan al mantenimiento de instalaciones, combustible, mantenimiento de ambulancias, servicios de telefon\u00eda y el pago de la n\u00f3mina del personal.<\/p>\n<p>Detall\u00f3 que actualmente 24 personas conforman el personal fijo de la Cruz Roja, quienes cubren turnos completos para garantizar la atenci\u00f3n durante las 24 horas del d\u00eda.<\/p>\n<p>A ello se suma la participaci\u00f3n de voluntarios, quienes brindan apoyo en diferentes momentos, aportando parte de su tiempo para fortalecer las labores de atenci\u00f3n y auxilio a la ciudadan\u00eda.<\/p>\n","protected":false},"excerpt":{"rendered":"<p>En el marco de la Colecta Anual de la Cruz Roja, el presidente del Consejo Directivo, Miguel Alc\u00e1ntar Rodr\u00edguez, inform\u00f3<\/p>\n","protected":false},"author":4,"featured_media":81514,"comment_status":"closed","ping_status":"closed","sticky":false,"template":"","format":"standard","meta":{"colormag_page_container_layout":"default_layout","colormag_page_sidebar_layout":"default_layout","_jetpack_memberships_contains_paid_content":false,"footnotes":"","jetpack_publicize_message":"","jetpack_publicize_feature_enabled":true,"jetpack_social_post_already_shared":true,"jetpack_social_options":{"image_generator_settings":{"template":"highway","default_image_id":0,"font":"","enabled":false},"version":2}},"categories":[1082],"tags":[],"class_list":["post-81513","post","type-post","status-publish","format-standard","has-post-thumbnail","hentry","category-tuxpan"],"jetpack_publicize_connections":[],"jetpack_featured_media_url":"https:\/\/i0.wp.com\/politicosaldesnudo.com.mx\/wp-content\/uploads\/2026\/03\/LOAMB.jpg?fit=1200%2C900&ssl=1","jetpack-related-posts":[],"jetpack_sharing_enabled":true,"_links":{"self":[{"href":"https:\/\/politicosaldesnudo.com.mx\/index.php\/wp-json\/wp\/v2\/posts\/81513","targetHints":{"allow":["GET"]}}],"collection":[{"href":"https:\/\/politicosaldesnudo.com.mx\/index.php\/wp-json\/wp\/v2\/posts"}],"about":[{"href":"https:\/\/politicosaldesnudo.com.mx\/index.php\/wp-json\/wp\/v2\/types\/post"}],"author":[{"embeddable":true,"href":"https:\/\/politicosaldesnudo.com.mx\/index.php\/wp-json\/wp\/v2\/users\/4"}],"replies":[{"embeddable":true,"href":"https:\/\/politicosaldesnudo.com.mx\/index.php\/wp-json\/wp\/v2\/comments?post=81513"}],"version-history":[{"count":0,"href":"https:\/\/politicosaldesnudo.com.mx\/index.php\/wp-json\/wp\/v2\/posts\/81513\/revisions"}],"wp:featuredmedia":[{"embeddable":true,"href":"https:\/\/politicosaldesnudo.com.mx\/index.php\/wp-json\/wp\/v2\/media\/81514"}],"wp:attachment":[{"href":"https:\/\/politicosaldesnudo.com.mx\/index.php\/wp-json\/wp\/v2\/media?parent=81513"}],"wp:term":[{"taxonomy":"category","embeddable":true,"href":"https:\/\/politicosaldesnudo.com.mx\/index.php\/wp-json\/wp\/v2\/categories?post=81513"},{"taxonomy":"post_tag","embeddable":true,"href":"https:\/\/politicosaldesnudo.com.mx\/index.php\/wp-json\/wp\/v2\/tags?post=81513"}],"curies":[{"name":"wp","href":"https:\/\/api.w.org\/{rel}","templated":true}]}}