{"id":81516,"date":"2026-03-14T00:04:13","date_gmt":"2026-03-14T06:04:13","guid":{"rendered":"https:\/\/politicosaldesnudo.com.mx\/?p=81516"},"modified":"2026-03-13T19:36:46","modified_gmt":"2026-03-14T01:36:46","slug":"presentan-comite-del-carnaval-tuxpan-2026","status":"publish","type":"post","link":"https:\/\/politicosaldesnudo.com.mx\/index.php\/2026\/03\/14\/presentan-comite-del-carnaval-tuxpan-2026\/","title":{"rendered":"Presentan Comit\u00e9 del Carnaval Tuxpan 2026"},"content":{"rendered":"<p>Fue presentado oficialmente el Comit\u00e9 Organizador del Carnaval Tuxpan 2026, grupo conformado por personas de diversos \u00e1mbitos con experiencia en la realizaci\u00f3n de las tradicionales fiestas carnestolendas, quienes tendr\u00e1n la encomienda de coordinar la edici\u00f3n 129 de esta emblem\u00e1tica celebraci\u00f3n.<\/p>\n<p>El encargado de dar a conocer a las y los integrantes fue el alcalde Daniel Cortina Mart\u00ednez, quien destac\u00f3 que cada uno de los perfiles fue seleccionado con el objetivo de construir una festividad memorable para las y los tuxpe\u00f1os.<\/p>\n<p>El comit\u00e9 qued\u00f3 integrado de la siguiente manera:<\/p>\n<ul>\n<li>\u2022 Presidenta: Mtra. Rosita Laso de la Vega Bisteni<\/li>\n<li>\u2022 Jefe Log\u00edstico: Lic. Gustavo Omar Garamendi \u00c1lvarez<\/li>\n<li>\u2022 Difusi\u00f3n y Comunicaci\u00f3n: Ing. C\u00e9sar Mauricio Acu\u00f1a Mart\u00ednez<\/li>\n<li>\u2022 Tesorera: Lic. Laura Joselyn Lara Gonz\u00e1lez<\/li>\n<li>\u2022 Vocal 1: Lic. Adriana Gisell Sosa Ben\u00edtez<\/li>\n<li>\u2022 Vocal 2: Lic. Juan Kilimaco Hamlin Meza<\/li>\n<li>\u2022 Vocal 3: Ing. Fernando Santiago Reyes<\/li>\n<li>\u2022 Vocal 4: Jos\u00e9 Alfredo Rodr\u00edguez Herrera<\/li>\n<li>\u2022 Vocal 5: Lic. Alma Delia Hern\u00e1ndez Lozano<\/li>\n<li>\u2022 Vocal 6: Lic. \u00c1ngel Guadalupe Constantino Ruiz<\/li>\n<\/ul>\n<p>Durante su intervenci\u00f3n, el presidente municipal subray\u00f3 la importancia de fortalecer esta celebraci\u00f3n, al ser la principal tradici\u00f3n festiva de la ciudad, por lo que asegur\u00f3 que el Ayuntamiento brindar\u00e1 acompa\u00f1amiento, apoyo institucional y coordinaci\u00f3n permanente para el desarrollo de las actividades.<\/p>\n<p>Asimismo, se inform\u00f3 que el Carnaval Tuxpan 2026 se realizar\u00e1 del 30 de abril al 4 de mayo.<\/p>\n<p>En el evento tambi\u00e9n se dieron a conocer las convocatorias para participar en los distintos cert\u00e1menes: Reina del Carnaval y Reina LGBTQ+, Rey de la Alegr\u00eda y Rey LGBTQ+, Reina y Rey Infantil, Reina y Rey del Adulto Mayor, as\u00ed como Reina y Rey de Personas con Discapacidad.<\/p>\n<p>De igual manera, se anunci\u00f3 la apertura de las categor\u00edas de traje o disfraz y comparsa, con el prop\u00f3sito de incentivar la participaci\u00f3n ciudadana y enriquecer esta tradicional fiesta que distingue a Tuxpan.<\/p>\n<p>Con esta presentaci\u00f3n, inician formalmente los preparativos de una celebraci\u00f3n que busca reunir a las familias, impulsar el talento local y proyectar a Tuxpan como uno de los carnavales m\u00e1s representativos de la regi\u00f3n, fortaleciendo as\u00ed la identidad, el turismo y la convivencia entre las y los tuxpe\u00f1os.<\/p>\n","protected":false},"excerpt":{"rendered":"<p>Fue presentado oficialmente el Comit\u00e9 Organizador del Carnaval Tuxpan 2026, grupo conformado por personas de diversos \u00e1mbitos con experiencia en<\/p>\n","protected":false},"author":4,"featured_media":81517,"comment_status":"closed","ping_status":"closed","sticky":false,"template":"","format":"standard","meta":{"colormag_page_container_layout":"default_layout","colormag_page_sidebar_layout":"default_layout","_jetpack_memberships_contains_paid_content":false,"footnotes":"","jetpack_publicize_message":"","jetpack_publicize_feature_enabled":true,"jetpack_social_post_already_shared":true,"jetpack_social_options":{"image_generator_settings":{"template":"highway","default_image_id":0,"font":"","enabled":false},"version":2}},"categories":[1082],"tags":[],"class_list":["post-81516","post","type-post","status-publish","format-standard","has-post-thumbnail","hentry","category-tuxpan"],"jetpack_publicize_connections":[],"jetpack_featured_media_url":"https:\/\/i0.wp.com\/politicosaldesnudo.com.mx\/wp-content\/uploads\/2026\/03\/CARNA.jpg?fit=1200%2C801&ssl=1","jetpack-related-posts":[],"jetpack_sharing_enabled":true,"_links":{"self":[{"href":"https:\/\/politicosaldesnudo.com.mx\/index.php\/wp-json\/wp\/v2\/posts\/81516","targetHints":{"allow":["GET"]}}],"collection":[{"href":"https:\/\/politicosaldesnudo.com.mx\/index.php\/wp-json\/wp\/v2\/posts"}],"about":[{"href":"https:\/\/politicosaldesnudo.com.mx\/index.php\/wp-json\/wp\/v2\/types\/post"}],"author":[{"embeddable":true,"href":"https:\/\/politicosaldesnudo.com.mx\/index.php\/wp-json\/wp\/v2\/users\/4"}],"replies":[{"embeddable":true,"href":"https:\/\/politicosaldesnudo.com.mx\/index.php\/wp-json\/wp\/v2\/comments?post=81516"}],"version-history":[{"count":0,"href":"https:\/\/politicosaldesnudo.com.mx\/index.php\/wp-json\/wp\/v2\/posts\/81516\/revisions"}],"wp:featuredmedia":[{"embeddable":true,"href":"https:\/\/politicosaldesnudo.com.mx\/index.php\/wp-json\/wp\/v2\/media\/81517"}],"wp:attachment":[{"href":"https:\/\/politicosaldesnudo.com.mx\/index.php\/wp-json\/wp\/v2\/media?parent=81516"}],"wp:term":[{"taxonomy":"category","embeddable":true,"href":"https:\/\/politicosaldesnudo.com.mx\/index.php\/wp-json\/wp\/v2\/categories?post=81516"},{"taxonomy":"post_tag","embeddable":true,"href":"https:\/\/politicosaldesnudo.com.mx\/index.php\/wp-json\/wp\/v2\/tags?post=81516"}],"curies":[{"name":"wp","href":"https:\/\/api.w.org\/{rel}","templated":true}]}}