{"id":81522,"date":"2026-03-14T00:06:14","date_gmt":"2026-03-14T06:06:14","guid":{"rendered":"https:\/\/politicosaldesnudo.com.mx\/?p=81522"},"modified":"2026-03-13T20:00:58","modified_gmt":"2026-03-14T02:00:58","slug":"organizaciones-solicitan-a-cidh-vigilar-desplazamiento-forzado-interno-en-mexico","status":"publish","type":"post","link":"https:\/\/politicosaldesnudo.com.mx\/index.php\/2026\/03\/14\/organizaciones-solicitan-a-cidh-vigilar-desplazamiento-forzado-interno-en-mexico\/","title":{"rendered":"Organizaciones solicitan a CIDH vigilar desplazamiento forzado interno en M\u00e9xico"},"content":{"rendered":"<p class=\"nota-justify\">Organizaciones civiles y v\u00edctimas solicitaron a la Comisi\u00f3n Interamericana de Derechos Humanos (CIDH) que vigile la situaci\u00f3n de desplazamiento forzado interno en M\u00e9xico, debido a que esta problem\u00e1tica persiste \u201cy se ha expandido\u201d en el pa\u00eds, ya que entre 2016 y 2024 \u2013afirmaron\u2013 se document\u00f3 que 390 mil personas se vieron obligadas a abandonar sus hogares.<\/p>\n<p class=\"nota-justify\">Aunque reconocieron que si bien hay esfuerzos de las autoridades con la creaci\u00f3n de legislaciones \u201csubnacionales\u201d e instrumentos jur\u00eddicos, a nivel federal no se cuenta con una ley para hacer frente a este flagelo. Adem\u00e1s, subrayaron que el principal desaf\u00edo es la \u201carticulaci\u00f3n efectiva\u201d de las herramientas existentes \u00a0para garantizar los derechos de las personas desplazadas.<\/p>\n<p class=\"nota-justify\">En audiencia p\u00fablica realizada este viernes, el Centro de Derechos Humanos \u201cJos\u00e9 Mar\u00eda Morelos\u201d y el programa de Derechos Humanos de la Universidad Iberoamericana (Uia), entre otros, tambi\u00e9n plantearon al organismo internacional que solicite al Estado mexicano informaci\u00f3n peri\u00f3dica sobre las medidas adoptadas para la prevenci\u00f3n y atenci\u00f3n del problema e inste a que cumpla con las recomendaciones 58 y 59 que le formul\u00f3 en 2024.<\/p>\n<p class=\"nota-justify\">Janeth Carrillo D\u00edaz, representante de la organizaci\u00f3n, se\u00f1al\u00f3 que a la fecha no existe un registro oficial que permita dimensionar la magnitud del fen\u00f3meno. Sin embargo, a trav\u00e9s del programa lograron documentar que en 2024 se registraron 72 eventos de desplazamiento interno que afectaron a 28 mil 900 personas en tres entidades federativas.<\/p>\n<p class=\"nota-justify\">Al a\u00f1o siguiente, indic\u00f3, se registraron 15 mil 795 personas desplazadas en nueve estados.<\/p>\n<p class=\"nota-justify\">Apunt\u00f3 que se ha identificado una reconfiguraci\u00f3n de las din\u00e1micas que ocasionan este problem\u00e1tica, pues adem\u00e1s de que ocurre por disputas territoriales, expansi\u00f3n de econom\u00edas il\u00edcitas y presencia de grupos armados, el uso de nuevas tecnolog\u00edas de violencia como son los drones y explosivos, generan \u201cmiedo colectivo\u201d y obligan a comunidades enteras a abandonar sus hogares.<\/p>\n<p class=\"nota-justify\">Advirti\u00f3 que este fen\u00f3meno afecta de manera desproporcionada a pueblos ind\u00edgenas, mujeres, ni\u00f1as y adolescentes, quienes quedan excluidos de los derechos a la salud, empleo y educaci\u00f3n.<\/p>\n<p class=\"nota-justify\">Por su parte, Alejandro Encinas, representante permanente de M\u00e9xico ante la Organizaci\u00f3n de Estados Americanos, destac\u00f3 que en el Plan Nacional de Desarrollo 2025-2030 establece las directrices para el dise\u00f1o de una pol\u00edtica integral, medidas de prevenci\u00f3n y soluci\u00f3n. Asimismo rechaz\u00f3 que\u00a0los desplazamientos internos sea una situaci\u00f3n generalizada en todo el pa\u00eds.<\/p>\n<p class=\"nota-justify\">En ello coincidi\u00f3 la embajadora de M\u00e9xico en Guatemala, Luz Elena Ba\u00f1os, quien expuso \u2013al citar datos de la Comisi\u00f3n Nacional de los Derechos Humanos\u2013 que\u00a0de 145 expedientes de queja relacionados con desplazamiento, 97.9 por ciento est\u00e1n concluidos y se han implementado medidas para atender esta situaci\u00f3n.<\/p>\n<p class=\"nota-justify\">Adem\u00e1s, indic\u00f3 que casi 60 por ciento se concentran en tres estados: Chiapas, Guerrero y Oaxaca, \u201cpor lo que no es una situaci\u00f3n generalizada en toda la Rep\u00fablica mexicana\u201d.<\/p>\n<p class=\"nota-justify\">Encinas indic\u00f3 que en M\u00e9xico la situaci\u00f3n de movilidad humana es \u201cmultidimensional\u201d y reconoci\u00f3 que se requieren pol\u00edticas p\u00fablicas diferenciadas para atender a cada poblaci\u00f3n en espec\u00edfico, \u201cgenerar soluciones duraderas y reparar integralmente a quienes atraviesan una situaci\u00f3n de este tipo\u201d.<\/p>\n<p class=\"nota-justify\">Al respecto, la comisionada de la CIDH, Andrea Pochak, resalt\u00f3 el hecho de que las autoridades reconozcan el problema, porque esto da pauta al di\u00e1logo y a superar el fen\u00f3meno, dado que las v\u00edctimas exigen que las pol\u00edticas actuales se pongan en pr\u00e1ctica con eficacia.<\/p>\n<p class=\"nota-justify\">En el marco del 195\u00ba periodo de sesiones celebrado en Guatemala, Agnes Jim\u00e9nez Romo, del programa de Derechos Humanos de la Uia, reconoci\u00f3 la creaci\u00f3n de leyes \u201csubnacionales\u201d para la prevenci\u00f3n del desplazamiento forzado interno y el desarrollo de protocolos de atenci\u00f3n emergentes. No obstante, estas medidas operan en un \u201cplano reactivo\u201d; es decir, responden a crisis ya desencadenadas.<\/p>\n<p class=\"nota-justify\">A su vez, Rosario Alc\u00e1zar, directora de Foro para el Desarrollo Sustentable, advirti\u00f3 que existe una \u201cdesarticulaci\u00f3n\u201d entre los distintos \u00f3rdenes de gobierno y hay respuestas \u201cfragmentadas\u201d al fen\u00f3meno. Reiter\u00f3 que la existencia de un instrumento normativo no es suficiente para garantizar la no repetici\u00f3n del desplazamiento forzado.<\/p>\n<p class=\"nota-justify\">Por ello, las organizaciones exhortaron al Estado mexicano a avanzar en acciones concretas y garantizar el acceso al derecho al registro nacional de v\u00edctimas a las personas desplazadas.<\/p>\n<p class=\"nota-justify\">Tambi\u00e9n demandaron\u00a0 que desde el Ejecutivo federal \u00a0se defina un mecanismo nacional de coordinaci\u00f3n, que articule responsabilidades entre federaci\u00f3n, estados y municipios \u201ccon rutas operativas claras\u201d, y se garantice un presupuesto etiquetado para responder a la problem\u00e1tica.<\/p>\n","protected":false},"excerpt":{"rendered":"<p>Organizaciones civiles y v\u00edctimas solicitaron a la Comisi\u00f3n Interamericana de Derechos Humanos (CIDH) que vigile la situaci\u00f3n de desplazamiento forzado<\/p>\n","protected":false},"author":4,"featured_media":81523,"comment_status":"closed","ping_status":"closed","sticky":false,"template":"","format":"standard","meta":{"colormag_page_container_layout":"default_layout","colormag_page_sidebar_layout":"default_layout","_jetpack_memberships_contains_paid_content":false,"footnotes":"","jetpack_publicize_message":"","jetpack_publicize_feature_enabled":true,"jetpack_social_post_already_shared":true,"jetpack_social_options":{"image_generator_settings":{"template":"highway","default_image_id":0,"font":"","enabled":false},"version":2}},"categories":[33],"tags":[],"class_list":["post-81522","post","type-post","status-publish","format-standard","has-post-thumbnail","hentry","category-nacional"],"jetpack_publicize_connections":[],"jetpack_featured_media_url":"https:\/\/i0.wp.com\/politicosaldesnudo.com.mx\/wp-content\/uploads\/2026\/03\/FOR.jpg?fit=1200%2C800&ssl=1","jetpack-related-posts":[],"jetpack_sharing_enabled":true,"_links":{"self":[{"href":"https:\/\/politicosaldesnudo.com.mx\/index.php\/wp-json\/wp\/v2\/posts\/81522","targetHints":{"allow":["GET"]}}],"collection":[{"href":"https:\/\/politicosaldesnudo.com.mx\/index.php\/wp-json\/wp\/v2\/posts"}],"about":[{"href":"https:\/\/politicosaldesnudo.com.mx\/index.php\/wp-json\/wp\/v2\/types\/post"}],"author":[{"embeddable":true,"href":"https:\/\/politicosaldesnudo.com.mx\/index.php\/wp-json\/wp\/v2\/users\/4"}],"replies":[{"embeddable":true,"href":"https:\/\/politicosaldesnudo.com.mx\/index.php\/wp-json\/wp\/v2\/comments?post=81522"}],"version-history":[{"count":0,"href":"https:\/\/politicosaldesnudo.com.mx\/index.php\/wp-json\/wp\/v2\/posts\/81522\/revisions"}],"wp:featuredmedia":[{"embeddable":true,"href":"https:\/\/politicosaldesnudo.com.mx\/index.php\/wp-json\/wp\/v2\/media\/81523"}],"wp:attachment":[{"href":"https:\/\/politicosaldesnudo.com.mx\/index.php\/wp-json\/wp\/v2\/media?parent=81522"}],"wp:term":[{"taxonomy":"category","embeddable":true,"href":"https:\/\/politicosaldesnudo.com.mx\/index.php\/wp-json\/wp\/v2\/categories?post=81522"},{"taxonomy":"post_tag","embeddable":true,"href":"https:\/\/politicosaldesnudo.com.mx\/index.php\/wp-json\/wp\/v2\/tags?post=81522"}],"curies":[{"name":"wp","href":"https:\/\/api.w.org\/{rel}","templated":true}]}}