{"id":81525,"date":"2026-03-14T00:07:28","date_gmt":"2026-03-14T06:07:28","guid":{"rendered":"https:\/\/politicosaldesnudo.com.mx\/?p=81525"},"modified":"2026-03-13T20:03:48","modified_gmt":"2026-03-14T02:03:48","slug":"pt-se-opone-a-someter-a-consulta-popular-la-reduccion-de-recursos-a-los-partidos","status":"publish","type":"post","link":"https:\/\/politicosaldesnudo.com.mx\/index.php\/2026\/03\/14\/pt-se-opone-a-someter-a-consulta-popular-la-reduccion-de-recursos-a-los-partidos\/","title":{"rendered":"PT se opone a someter a consulta popular la reducci\u00f3n de recursos a los partidos"},"content":{"rendered":"<p class=\"nota-justify\">De cara a la discusi\u00f3n del \u00abPlan B\u00bb de la presidenta Claudia Sheinbaum, el Partido del Trabajo (PT) se manifest\u00f3 en contra de la posibilidad de que se habiliten las consultas populares para reducir los recursos de los partidos pol\u00edticos, pues dicho tema le corresponde decidir decidirlo al Poder Legislativo, aunque descart\u00f3 que est\u00e9n en riesgo las alianzas electorales con Morena y el Partido Verde Ecologista de M\u00e9xico (PVEM) en 2027 y 2030.<\/p>\n<p class=\"nota-justify\">A su llegada a la Secretar\u00eda de Gobernaci\u00f3n, el ex diputado petista Benjam\u00edn Robles y dirigente del PT en Oaxaca, record\u00f3 que su partido ha manifestado su \u00abrespaldo total\u00bb a la jefa del Ejecutivo, pero al mismo tiempo pidi\u00f3 \u00abgarantizar que el sistema de partidos que se ha venido evolucionando desde 1977 (a\u00f1o en que se incluy\u00f3 a los legisladores plurinominales), no solamente se mantenga, sino que se fortalezca\u00bb. En el veh\u00edculo donde lleg\u00f3 el parlamentario, se encontraba el coordinador de los diputados de ese partido, Reginaldo Sandoval, quien permaneci\u00f3 en silencio.<\/p>\n<p class=\"nota-justify\">En ese tono, Robles a\u00f1adi\u00f3: \u00abNosotros hemos expresado nuestro rechazo a un sistema de partido \u00fanico. Esa \u00e9poca ya la padecimos en este pa\u00eds\u00bb.<\/p>\n<p class=\"nota-justify\">Luego de responsabilizar al gobernador morenista de Oaxaca, Salom\u00f3n Jara, por la campa\u00f1a en contra de los diputados petistas y pevemistas originarios de esa entidad que votaron contra la reforma electoral de Sheinbaum, a quienes se se\u00f1al\u00f3 como \u00abtraidores\u00bb a traves de diversas mantas, el diputado afirm\u00f3 que en las reuniones con la titular de Gobernaci\u00f3n, Rosa Icela Rodr\u00edguez, analizar\u00e1n los detalles del Plan B.<\/p>\n<p class=\"nota-justify\">Con respecto a la posibilidad de que en consulta popular se puedan recortar los fondos de los partidos pol\u00edticos, Robles apunt\u00f3: \u00abNecesitamos seguir discutiendo el tema, porque lo que debemos hacer es garantizar que lo que ya decidi\u00f3 el Congreso, no se le vaya a dar vuelta\u00bb.<\/p>\n<p class=\"nota-justify\">&#8212; \u00bfPero s\u00ed est\u00e1n de acuerdo o parcialmente de acuerdo en este tema de someter a consulta el recorte a los partidos pol\u00edticos? &#8211; se le pregunt\u00f3.<\/p>\n<p class=\"nota-justify\">&#8212; \u00abYo creo que eso es un mandato que corresponde a las c\u00e1maras, en el caso de lo que vimos recientemente ya lo defini\u00f3 la C\u00e1mara de Diputados. O sea, que no se toquen los recursos de los partidos. Nosotros pensamos que lo que corresponde a la C\u00e1mara de Diputados y en su caso al Senado debe respetarse\u00bb, dijo.<\/p>\n<p class=\"nota-justify\">Con respecto a la posibilidad de que se reduzca el n\u00famero de regidur\u00edas municipales, estim\u00f3 que los gobernadores de los diferentes estados \u00ablo podr\u00edan hacer ellos mismos sin necesidad de ninguna reforma. Entonces mientras quede garantizada la representaci\u00f3n proporcional en todos los congresos y en los ayuntamientos, nosotros creemos que ya tomaron una decisi\u00f3n la mayor parte de los gobernadores que son parte de nuestro movimiento\u00bb.<\/p>\n<p class=\"nota-justify\">&#8212; \u00bfCorren peligro las alianzas electorales entre Morena, PT y PVEM?<\/p>\n<p class=\"nota-justify\">&#8212; \u00abNo, yo creo que como lo dijo nuestro principal dirigente, el profe Beto (Anaya), el PT plantea ir en el 2027 y en el 2030. Hay mucho todav\u00eda que hacer por este pa\u00eds v\u00eda la cuarta transformaci\u00f3n\u00bb.<\/p>\n","protected":false},"excerpt":{"rendered":"<p>De cara a la discusi\u00f3n del \u00abPlan B\u00bb de la presidenta Claudia Sheinbaum, el Partido del Trabajo (PT) se manifest\u00f3<\/p>\n","protected":false},"author":4,"featured_media":81526,"comment_status":"closed","ping_status":"closed","sticky":false,"template":"","format":"standard","meta":{"colormag_page_container_layout":"default_layout","colormag_page_sidebar_layout":"default_layout","_jetpack_memberships_contains_paid_content":false,"footnotes":"","jetpack_publicize_message":"","jetpack_publicize_feature_enabled":true,"jetpack_social_post_already_shared":true,"jetpack_social_options":{"image_generator_settings":{"template":"highway","default_image_id":0,"font":"","enabled":false},"version":2}},"categories":[33],"tags":[],"class_list":["post-81525","post","type-post","status-publish","format-standard","has-post-thumbnail","hentry","category-nacional"],"jetpack_publicize_connections":[],"jetpack_featured_media_url":"https:\/\/i0.wp.com\/politicosaldesnudo.com.mx\/wp-content\/uploads\/2026\/03\/PTCHI.jpg?fit=1200%2C800&ssl=1","jetpack-related-posts":[],"jetpack_sharing_enabled":true,"_links":{"self":[{"href":"https:\/\/politicosaldesnudo.com.mx\/index.php\/wp-json\/wp\/v2\/posts\/81525","targetHints":{"allow":["GET"]}}],"collection":[{"href":"https:\/\/politicosaldesnudo.com.mx\/index.php\/wp-json\/wp\/v2\/posts"}],"about":[{"href":"https:\/\/politicosaldesnudo.com.mx\/index.php\/wp-json\/wp\/v2\/types\/post"}],"author":[{"embeddable":true,"href":"https:\/\/politicosaldesnudo.com.mx\/index.php\/wp-json\/wp\/v2\/users\/4"}],"replies":[{"embeddable":true,"href":"https:\/\/politicosaldesnudo.com.mx\/index.php\/wp-json\/wp\/v2\/comments?post=81525"}],"version-history":[{"count":0,"href":"https:\/\/politicosaldesnudo.com.mx\/index.php\/wp-json\/wp\/v2\/posts\/81525\/revisions"}],"wp:featuredmedia":[{"embeddable":true,"href":"https:\/\/politicosaldesnudo.com.mx\/index.php\/wp-json\/wp\/v2\/media\/81526"}],"wp:attachment":[{"href":"https:\/\/politicosaldesnudo.com.mx\/index.php\/wp-json\/wp\/v2\/media?parent=81525"}],"wp:term":[{"taxonomy":"category","embeddable":true,"href":"https:\/\/politicosaldesnudo.com.mx\/index.php\/wp-json\/wp\/v2\/categories?post=81525"},{"taxonomy":"post_tag","embeddable":true,"href":"https:\/\/politicosaldesnudo.com.mx\/index.php\/wp-json\/wp\/v2\/tags?post=81525"}],"curies":[{"name":"wp","href":"https:\/\/api.w.org\/{rel}","templated":true}]}}