{"id":81528,"date":"2026-03-14T00:08:30","date_gmt":"2026-03-14T06:08:30","guid":{"rendered":"https:\/\/politicosaldesnudo.com.mx\/?p=81528"},"modified":"2026-03-13T20:05:37","modified_gmt":"2026-03-14T02:05:37","slug":"integrantes-del-pvem-arribaron-a-la-sg-para-hablar-sobre-el-plan-b-de-la-reforma-electoral","status":"publish","type":"post","link":"https:\/\/politicosaldesnudo.com.mx\/index.php\/2026\/03\/14\/integrantes-del-pvem-arribaron-a-la-sg-para-hablar-sobre-el-plan-b-de-la-reforma-electoral\/","title":{"rendered":"Integrantes del PVEM arribaron a la SG para hablar sobre el Plan B de la reforma electoral"},"content":{"rendered":"<p class=\"nota-justify\">Dirigentes y legisladores del Partido Verde Ecologista de M\u00e9xico (PVEM) arribaron a la Secretar\u00eda de Gobernaci\u00f3n (SG) para dialogar sobre el Plan B en materia electoral de la presidenta Claudia Sheinbaum, y adelantaron que podr\u00edan coincidir en algunos puntos del mismo, entre ellos la reducci\u00f3n del n\u00famero de regidur\u00edas de los municipios.<\/p>\n<p class=\"nota-justify\">En entrevista colectiva a su llegada al Palacio de Covi\u00e1n, el coordinador de los senadores verdes, Manuel Velasco Coello, indic\u00f3 que \u00abvenimos siempre en la disposici\u00f3n, abiertos a dialogar, siempre con una actitud positiva de poder conciliar las posiciones y privilegiar los puntos de coincidencia sobre los puntos de divergencia. A\u00fan no conocemos la iniciativa, vamos a conocerla en estos momentos, y la vamos a compartir con nuestros compa\u00f1eros\u00bb.<\/p>\n<p class=\"nota-justify\">Aparte, el coordinador nacional electoral del PVEM, Arturo Escobar, subray\u00f3 que su instituto pol\u00edtico debe estudiar con detenimiento los puntos del Plan B, entre ellos la posibilidad de que se sometan a consulta temas electorales, como la eventual reducci\u00f3n del financiamiento a los partidos<\/p>\n<p class=\"nota-justify\">\u00abSon temas delicados, porque est\u00e1n en la Constituci\u00f3n, pero vamos a esperar a ver cu\u00e1l es la la propuesta del gobierno, y a partir que la conozcamos, pues, construir un posicionamiento\u00bb, se\u00f1al\u00f3.<\/p>\n<p class=\"nota-justify\">Sin embargo, Escobar manifest\u00f3 su respaldo a medidas como la posible disminuci\u00f3n del n\u00famero de regidur\u00edas en los municipios.<\/p>\n<p class=\"nota-justify\">&#8212; \u00bfPodr\u00edan apoyar esa medida? &#8211; se le pregunt\u00f3.<\/p>\n<p class=\"nota-justify\">&#8212; Totalmente. Creemos que tiene que haber una reingenier\u00eda de la administraci\u00f3n p\u00fablica del pa\u00eds, incluyendo los cabildos, incluyendo los congresos locales, el Senado de la Rep\u00fablica. En esa parte creo que todos estamos de acuerdo, nada m\u00e1s el Partido Verde\u00bb, dijo Escobar, quien consider\u00f3 que tambi\u00e9n la oposici\u00f3n podr\u00eda estar a favor.<\/p>\n<p class=\"nota-justify\">&#8212; \u00bfLo \u00fanico que les causa entonces duda es el asunto de las consultas populares?<\/p>\n<p class=\"nota-justify\">&#8212; \u00abNo lo conocemos &#8211;ataj\u00f3 Velasco&#8211;, entonces ser\u00eda muy irresponsable dar un una posici\u00f3n hasta no conocer la propuesta, pero lo que hemos le\u00eddo a trav\u00e9s de los medios de comunicaci\u00f3n, vemos positiva la propuesta que ha hecho la Presidenta en lo de los congresos locales, de que de los ahorros que se generen, se inviertan en obra p\u00fablica y en gasto social, y se queden para los ayuntamientos y se quede ese esos ahorros para el estado, y que hay diputados en congresos locales que cuestan al a\u00f1o cerca de 29 millones de pesos, y hay otros estados que un diputado local cuesta tres, cuatro o cinco millones de pesos al a\u00f1o\u00bb.<\/p>\n<p class=\"nota-justify\">Por lo anterior, dijo el ex gobernador de Chiapas, \u00abnosotros vemos positiva la propuesta de la Presidenta, de que se busca llegar a una media y que esos ahorros se queden para el estado y se queden queden para gasto social, inversi\u00f3n, obra p\u00fablica, alumbrado, pavimentaciones\u00bb.<\/p>\n<p class=\"nota-justify\">Ante la pregunta de si la alianza electoral entre Morena PT y Verde podr\u00eda estar en riesgo, Velasco descart\u00f3 ese escenario, pues \u00abnosotros hemos acompa\u00f1ado a la presidenta de M\u00e9xico desde que fue candidata a la presidencia de la rep\u00fablica. Fuimos importantes para que se pudiera lograr la mayor\u00eda calificada. El Partido Verde aport\u00f3 m\u00e1s de cinco millones de votos en el proceso electoral del dos mil veinticuatro. Creemos en la presidenta de M\u00e9xico, estamos convencidos de que est\u00e1 siendo un buen gobierno, que apenas estamos iniciando el segundo a\u00f1o, que faltan muchas cosas por hacer juntos y y ir hacia adelante, y nosotros vamos a mantener la alianza con la presidenta de M\u00e9xico\u00bb.<\/p>\n<p class=\"nota-justify\">Sobre el posible recorte de los fondos de los partidos pol\u00edticos, decidido a trav\u00e9s de consulta popular, Escobar a\u00f1adi\u00f3: \u00abla propuesta del Verde ahorraba 3 mil millones, y la propuesta del gobierno ahorraba mil ochocientos, era mucho m\u00e1s la nuestra en cuanto a recursos econ\u00f3micos. Y tiene raz\u00f3n la Presidenta, son temas hay que consultar, pero la consulta puede ser muy amplia. Puede ser un tema inclusive de poder consultar si la gente estar\u00eda de acuerdo, por ejemplo, en que todos los partidos recibi\u00e9ramos lo mismo. O sea, hay much\u00edsimas cosas que en una reingenier\u00eda en materia electoral y constitucional pudi\u00e9ramos productores de la ciudadan\u00eda. Como dice el senador (Velasco), vamos a conocer la la propuesta\u00bb ee Sheinbaum antes de opinar al respecto.<\/p>\n<p class=\"nota-justify\">Por separado, el coordinador de los diputados pevemistas, Carlos Puente, coincidi\u00f3 en la importancia de conocer primero los detalles del Plan B. En temas como la reducci\u00f3n del presupuesto de los partidos, decidida en consulta popular, estim\u00f3 que \u00abhay que revisar con cuidado la redacci\u00f3n, pero es algo que pudi\u00e9ramos analizar y transitar\u00bb.<\/p>\n<p class=\"nota-justify\">&#8212; \u00bfY en cuanto a la eliminaci\u00f3n de regidur\u00edas municipales?<\/p>\n<p class=\"nota-justify\">&#8212; No lo veo mal, coincidimos. Soy originario de Zacatecas y ah\u00ed ya lo hicimos hace unos a\u00f1os. Es cierto que en algunos municipios s\u00ed son muchos los representantes que existen y creo que es algo que pudi\u00e9ramos transitar.<\/p>\n","protected":false},"excerpt":{"rendered":"<p>Dirigentes y legisladores del Partido Verde Ecologista de M\u00e9xico (PVEM) arribaron a la Secretar\u00eda de Gobernaci\u00f3n (SG) para dialogar sobre<\/p>\n","protected":false},"author":4,"featured_media":81529,"comment_status":"closed","ping_status":"closed","sticky":false,"template":"","format":"standard","meta":{"colormag_page_container_layout":"default_layout","colormag_page_sidebar_layout":"default_layout","_jetpack_memberships_contains_paid_content":false,"footnotes":"","jetpack_publicize_message":"","jetpack_publicize_feature_enabled":true,"jetpack_social_post_already_shared":true,"jetpack_social_options":{"image_generator_settings":{"template":"highway","default_image_id":0,"font":"","enabled":false},"version":2}},"categories":[33],"tags":[],"class_list":["post-81528","post","type-post","status-publish","format-standard","has-post-thumbnail","hentry","category-nacional"],"jetpack_publicize_connections":[],"jetpack_featured_media_url":"https:\/\/i0.wp.com\/politicosaldesnudo.com.mx\/wp-content\/uploads\/2026\/03\/ANAO.jpg?fit=1200%2C773&ssl=1","jetpack-related-posts":[],"jetpack_sharing_enabled":true,"_links":{"self":[{"href":"https:\/\/politicosaldesnudo.com.mx\/index.php\/wp-json\/wp\/v2\/posts\/81528","targetHints":{"allow":["GET"]}}],"collection":[{"href":"https:\/\/politicosaldesnudo.com.mx\/index.php\/wp-json\/wp\/v2\/posts"}],"about":[{"href":"https:\/\/politicosaldesnudo.com.mx\/index.php\/wp-json\/wp\/v2\/types\/post"}],"author":[{"embeddable":true,"href":"https:\/\/politicosaldesnudo.com.mx\/index.php\/wp-json\/wp\/v2\/users\/4"}],"replies":[{"embeddable":true,"href":"https:\/\/politicosaldesnudo.com.mx\/index.php\/wp-json\/wp\/v2\/comments?post=81528"}],"version-history":[{"count":0,"href":"https:\/\/politicosaldesnudo.com.mx\/index.php\/wp-json\/wp\/v2\/posts\/81528\/revisions"}],"wp:featuredmedia":[{"embeddable":true,"href":"https:\/\/politicosaldesnudo.com.mx\/index.php\/wp-json\/wp\/v2\/media\/81529"}],"wp:attachment":[{"href":"https:\/\/politicosaldesnudo.com.mx\/index.php\/wp-json\/wp\/v2\/media?parent=81528"}],"wp:term":[{"taxonomy":"category","embeddable":true,"href":"https:\/\/politicosaldesnudo.com.mx\/index.php\/wp-json\/wp\/v2\/categories?post=81528"},{"taxonomy":"post_tag","embeddable":true,"href":"https:\/\/politicosaldesnudo.com.mx\/index.php\/wp-json\/wp\/v2\/tags?post=81528"}],"curies":[{"name":"wp","href":"https:\/\/api.w.org\/{rel}","templated":true}]}}