{"id":81555,"date":"2026-03-14T00:17:19","date_gmt":"2026-03-14T06:17:19","guid":{"rendered":"https:\/\/politicosaldesnudo.com.mx\/?p=81555"},"modified":"2026-03-13T20:26:54","modified_gmt":"2026-03-14T02:26:54","slug":"eu-ordena-despliegue-de-2-mil-500-infantes-de-marina-y-un-buque-de-asalto-anfibio-en-medio-oriente","status":"publish","type":"post","link":"https:\/\/politicosaldesnudo.com.mx\/index.php\/2026\/03\/14\/eu-ordena-despliegue-de-2-mil-500-infantes-de-marina-y-un-buque-de-asalto-anfibio-en-medio-oriente\/","title":{"rendered":"EU ordena despliegue de 2 mil 500 infantes de Marina y un buque de asalto anfibio en Medio Oriente"},"content":{"rendered":"<p class=\"nota-justify\">Las fuerzas armadas de Estados Unidos ordenaron el despliegue de 2 mil 500 infantes de Marina y un buque de asalto anfibio en Medio Oriente, inform\u00f3 el viernes un funcionario estadunidense, en una importante incorporaci\u00f3n de fuerzas en la regi\u00f3n tras casi dos semanas de guerra contra Ir\u00e1n.<\/p>\n<p class=\"nota-justify\">Elementos de la 31\u00aa Unidad Expedicionaria de la Infanter\u00eda de Marina y el buque de asalto anfibio\u00a0<i>Tripoli<\/i>\u00a0han recibido la orden de dirigirse a Medio Oriente, seg\u00fan el funcionario estadunidense, que habl\u00f3 con The Associated Press a condici\u00f3n de guardar el anonimato para poder declarar sobre planes militares delicados.<\/p>\n<p class=\"nota-justify\">Las Unidades Expedicionarias de la Infanter\u00eda de Marina est\u00e1n entrenadas y equipadas para realizar desembarcos anfibios, pero tambi\u00e9n se especializan en reforzar la seguridad en embajadas, evacuar a civiles y brindar ayuda en desastres. El despliegue no indica necesariamente que una operaci\u00f3n terrestre sea inminente o que vaya a llevarse a cabo.<\/p>\n<p class=\"nota-justify\"><i>The Wall Street Journal<\/i>\u00a0fue el primer medio en reportar el nuevo despliegue de los infantes de Marina.<\/p>\n<p class=\"nota-justify\">La 31\u00aa Unidad Expedicionaria de la Infanter\u00eda de Marina, as\u00ed como el Tripoli y otros buques de asalto anfibio que transportan a los infantes de Marina, tienen su base en Jap\u00f3n y han estado desplaz\u00e1ndose en el oc\u00e9ano Pac\u00edfico durante varios d\u00edas, seg\u00fan im\u00e1genes difundidas por los militares. Sat\u00e9lites comerciales detectaron al Tripoli navegando solo cerca de Taiw\u00e1n. Esa ubicaci\u00f3n lo sit\u00faa a m\u00e1s de una semana de las aguas frente a Ir\u00e1n.<\/p>\n<p class=\"nota-justify\">Esta semana, la Armada ten\u00eda 12 buques, incluido el portaviones\u00a0<i>Abraham Lincoln<\/i>\u00a0y ocho destructores, operando en el mar Ar\u00e1bigo. Si el\u00a0<i>Tripoli<\/i>\u00a0se suma a esta flotilla, ser\u00eda el segundo nav\u00edo m\u00e1s grande detr\u00e1s del\u00a0<i>Lincoln<\/i>\u00a0en operar en la zona.<\/p>\n<p class=\"nota-justify\">Aunque se desconoce cu\u00e1ntos soldados de infanter\u00eda estadunidenses hay en Medio Oriente, la base a\u00e9rea de Al-Udeid por s\u00ed sola \u2014una de las m\u00e1s grandes de la regi\u00f3n\u2014 suele albergar a unos 8 mil efectivos estadunidenses.<\/p>\n","protected":false},"excerpt":{"rendered":"<p>Las fuerzas armadas de Estados Unidos ordenaron el despliegue de 2 mil 500 infantes de Marina y un buque de<\/p>\n","protected":false},"author":4,"featured_media":81556,"comment_status":"closed","ping_status":"closed","sticky":false,"template":"","format":"standard","meta":{"colormag_page_container_layout":"default_layout","colormag_page_sidebar_layout":"default_layout","_jetpack_memberships_contains_paid_content":false,"footnotes":"","jetpack_publicize_message":"","jetpack_publicize_feature_enabled":true,"jetpack_social_post_already_shared":true,"jetpack_social_options":{"image_generator_settings":{"template":"highway","default_image_id":0,"font":"","enabled":false},"version":2}},"categories":[28],"tags":[],"class_list":["post-81555","post","type-post","status-publish","format-standard","has-post-thumbnail","hentry","category-internacional"],"jetpack_publicize_connections":[],"jetpack_featured_media_url":"https:\/\/i0.wp.com\/politicosaldesnudo.com.mx\/wp-content\/uploads\/2026\/03\/APUT.jpg?fit=1200%2C800&ssl=1","jetpack-related-posts":[],"jetpack_sharing_enabled":true,"_links":{"self":[{"href":"https:\/\/politicosaldesnudo.com.mx\/index.php\/wp-json\/wp\/v2\/posts\/81555","targetHints":{"allow":["GET"]}}],"collection":[{"href":"https:\/\/politicosaldesnudo.com.mx\/index.php\/wp-json\/wp\/v2\/posts"}],"about":[{"href":"https:\/\/politicosaldesnudo.com.mx\/index.php\/wp-json\/wp\/v2\/types\/post"}],"author":[{"embeddable":true,"href":"https:\/\/politicosaldesnudo.com.mx\/index.php\/wp-json\/wp\/v2\/users\/4"}],"replies":[{"embeddable":true,"href":"https:\/\/politicosaldesnudo.com.mx\/index.php\/wp-json\/wp\/v2\/comments?post=81555"}],"version-history":[{"count":0,"href":"https:\/\/politicosaldesnudo.com.mx\/index.php\/wp-json\/wp\/v2\/posts\/81555\/revisions"}],"wp:featuredmedia":[{"embeddable":true,"href":"https:\/\/politicosaldesnudo.com.mx\/index.php\/wp-json\/wp\/v2\/media\/81556"}],"wp:attachment":[{"href":"https:\/\/politicosaldesnudo.com.mx\/index.php\/wp-json\/wp\/v2\/media?parent=81555"}],"wp:term":[{"taxonomy":"category","embeddable":true,"href":"https:\/\/politicosaldesnudo.com.mx\/index.php\/wp-json\/wp\/v2\/categories?post=81555"},{"taxonomy":"post_tag","embeddable":true,"href":"https:\/\/politicosaldesnudo.com.mx\/index.php\/wp-json\/wp\/v2\/tags?post=81555"}],"curies":[{"name":"wp","href":"https:\/\/api.w.org\/{rel}","templated":true}]}}