{"id":81561,"date":"2026-03-14T00:19:16","date_gmt":"2026-03-14T06:19:16","guid":{"rendered":"https:\/\/politicosaldesnudo.com.mx\/?p=81561"},"modified":"2026-03-13T20:31:38","modified_gmt":"2026-03-14T02:31:38","slug":"raul-castro-dirige-las-conversaciones-de-cuba-con-estados-unidos-diaz-canel","status":"publish","type":"post","link":"https:\/\/politicosaldesnudo.com.mx\/index.php\/2026\/03\/14\/raul-castro-dirige-las-conversaciones-de-cuba-con-estados-unidos-diaz-canel\/","title":{"rendered":"Ra\u00fal Castro dirige las conversaciones de Cuba con Estados Unidos: D\u00edaz-Canel"},"content":{"rendered":"<p class=\"nota-justify\">El presidente cubano, Miguel D\u00edaz-Canel, destac\u00f3 que las conversaciones sostenidas recientemente con representantes del gobierno de Estados Unidos estuvieron dirigidas \u201cpor el general de ej\u00e9rcito Ra\u00fal Castro Ruz, como l\u00edder de la revoluci\u00f3n\u201d y por \u00e9l mismo, en su calidad de primer secretario del Comit\u00e9 Central del Partido Comunista y presidente de la rep\u00fablica, y en acci\u00f3n colegiada con las m\u00e1ximas estructuras del partido, del Estado, y del gobierno\u201d cubano.<\/p>\n<p class=\"nota-justify\">El mandatario subray\u00f3 que \u201chay que recordar que no ha sido ni es pr\u00e1ctica del liderazgo de la Revoluci\u00f3n Cubana, responder a las campa\u00f1as especulativas sobre este tipo de temas. Se trata de un tema que se desarrolla como parte de un proceso muy sensible, que se conduce con seriedad y responsabilidad, porque afecta los v\u00ednculos bilaterales entre las dos naciones y demanda enormes y arduos esfuerzos para encontrar soluci\u00f3n y crear espacios de entendimiento, que nos permitan avanzar y alejarnos de la confrontaci\u00f3n\u201d.<\/p>\n<p class=\"nota-justify\">\u201cY esto se ha planteado tomando en cuenta un sentido de reciprocidad y de apego al Derecho Internacional\u201d, asever\u00f3 .<\/p>\n<p class=\"nota-justify\">D\u00edaz-Canel sostuvo adem\u00e1s que \u201csiempre que hemos tenido momentos tensos, como este de confrontaci\u00f3n con el gobierno de los Estados Unidos, han aparecido personas, instituciones, que han facilitado que se construyan determinados canales que nos permitan dialogar. En estos momentos de extrema tensi\u00f3n, tambi\u00e9n han surgido esas posibilidades\u201d para crear espacios de entendimiento.<\/p>\n<div class=\"teads-inread sm-screen\">\n<div class=\"teads-ui-components-adchoices\"><\/div>\n<\/div>\n","protected":false},"excerpt":{"rendered":"<p>El presidente cubano, Miguel D\u00edaz-Canel, destac\u00f3 que las conversaciones sostenidas recientemente con representantes del gobierno de Estados Unidos estuvieron dirigidas<\/p>\n","protected":false},"author":4,"featured_media":81562,"comment_status":"closed","ping_status":"closed","sticky":false,"template":"","format":"standard","meta":{"colormag_page_container_layout":"default_layout","colormag_page_sidebar_layout":"default_layout","_jetpack_memberships_contains_paid_content":false,"footnotes":"","jetpack_publicize_message":"","jetpack_publicize_feature_enabled":true,"jetpack_social_post_already_shared":true,"jetpack_social_options":{"image_generator_settings":{"template":"highway","default_image_id":0,"font":"","enabled":false},"version":2}},"categories":[28],"tags":[],"class_list":["post-81561","post","type-post","status-publish","format-standard","has-post-thumbnail","hentry","category-internacional"],"jetpack_publicize_connections":[],"jetpack_featured_media_url":"https:\/\/i0.wp.com\/politicosaldesnudo.com.mx\/wp-content\/uploads\/2026\/03\/APURU.jpg?fit=1200%2C928&ssl=1","jetpack-related-posts":[],"jetpack_sharing_enabled":true,"_links":{"self":[{"href":"https:\/\/politicosaldesnudo.com.mx\/index.php\/wp-json\/wp\/v2\/posts\/81561","targetHints":{"allow":["GET"]}}],"collection":[{"href":"https:\/\/politicosaldesnudo.com.mx\/index.php\/wp-json\/wp\/v2\/posts"}],"about":[{"href":"https:\/\/politicosaldesnudo.com.mx\/index.php\/wp-json\/wp\/v2\/types\/post"}],"author":[{"embeddable":true,"href":"https:\/\/politicosaldesnudo.com.mx\/index.php\/wp-json\/wp\/v2\/users\/4"}],"replies":[{"embeddable":true,"href":"https:\/\/politicosaldesnudo.com.mx\/index.php\/wp-json\/wp\/v2\/comments?post=81561"}],"version-history":[{"count":0,"href":"https:\/\/politicosaldesnudo.com.mx\/index.php\/wp-json\/wp\/v2\/posts\/81561\/revisions"}],"wp:featuredmedia":[{"embeddable":true,"href":"https:\/\/politicosaldesnudo.com.mx\/index.php\/wp-json\/wp\/v2\/media\/81562"}],"wp:attachment":[{"href":"https:\/\/politicosaldesnudo.com.mx\/index.php\/wp-json\/wp\/v2\/media?parent=81561"}],"wp:term":[{"taxonomy":"category","embeddable":true,"href":"https:\/\/politicosaldesnudo.com.mx\/index.php\/wp-json\/wp\/v2\/categories?post=81561"},{"taxonomy":"post_tag","embeddable":true,"href":"https:\/\/politicosaldesnudo.com.mx\/index.php\/wp-json\/wp\/v2\/tags?post=81561"}],"curies":[{"name":"wp","href":"https:\/\/api.w.org\/{rel}","templated":true}]}}