{"id":81564,"date":"2026-03-14T00:20:24","date_gmt":"2026-03-14T06:20:24","guid":{"rendered":"https:\/\/politicosaldesnudo.com.mx\/?p=81564"},"modified":"2026-03-13T20:34:01","modified_gmt":"2026-03-14T02:34:01","slug":"zelensky-critica-exencion-de-30-dias-de-eu-a-sanciones-al-petroleo-ruso","status":"publish","type":"post","link":"https:\/\/politicosaldesnudo.com.mx\/index.php\/2026\/03\/14\/zelensky-critica-exencion-de-30-dias-de-eu-a-sanciones-al-petroleo-ruso\/","title":{"rendered":"Zelensky critica exenci\u00f3n de 30 d\u00edas de EU a sanciones al petr\u00f3leo ruso"},"content":{"rendered":"<p>El presidente ucranio Volodymyr Zelenskyy afirm\u00f3 el viernes que la exenci\u00f3n de 30 d\u00edas de Estados Unidos a las sanciones sobre el petr\u00f3leo ruso en medio de la guerra con Ir\u00e1n \u201cno es la decisi\u00f3n correcta\u201d y no ayudar\u00e1 a poner fin a la invasi\u00f3n rusa de Ucrania, que ya supera los cuatro a\u00f1os.<\/p>\n<p>\u201cEste alivio por s\u00ed solo por parte de Estados Unidos podr\u00eda proporcionarle a Rusia unos 10 mil millones de d\u00f3lares para la guerra\u201d, sostuvo Zelensky durante una conferencia de prensa con el presidente franc\u00e9s Emmanuel Macron. \u201cEsto ciertamente no ayuda a la paz\u201d.<\/p>\n<p>\u201cCreo que, en todo caso, levantar las sanciones conducir\u00e1 a un fortalecimiento de la posici\u00f3n de Rusia\u00bb, declar\u00f3 Zelensky en su visita a Par\u00eds. \u00abGasta el dinero de las ventas de energ\u00eda en armas, y todo esto luego se usa contra nosotros\u201d.<\/p>\n<p>\u201cPor lo tanto, en \u00faltima instancia, levantar las sanciones s\u00f3lo para que despu\u00e9s haya m\u00e1s drones volando hacia ti es, en mi opini\u00f3n, no es la decisi\u00f3n correcta\u201d, a\u00f1adi\u00f3.<\/p>\n<p>El Departamento del Tesoro de Estados Unidos anunci\u00f3 el jueves una exenci\u00f3n de 30 d\u00edas a las sanciones sobre el petr\u00f3leo ruso. La medida busca liberar cargamentos rusos varados en el mar y aliviar la escasez de suministro causada por la guerra con Ir\u00e1n.<\/p>\n","protected":false},"excerpt":{"rendered":"<p>El presidente ucranio Volodymyr Zelenskyy afirm\u00f3 el viernes que la exenci\u00f3n de 30 d\u00edas de Estados Unidos a las sanciones<\/p>\n","protected":false},"author":4,"featured_media":81565,"comment_status":"closed","ping_status":"closed","sticky":false,"template":"","format":"standard","meta":{"colormag_page_container_layout":"default_layout","colormag_page_sidebar_layout":"default_layout","_jetpack_memberships_contains_paid_content":false,"footnotes":"","jetpack_publicize_message":"","jetpack_publicize_feature_enabled":true,"jetpack_social_post_already_shared":true,"jetpack_social_options":{"image_generator_settings":{"template":"highway","default_image_id":0,"font":"","enabled":false},"version":2}},"categories":[28],"tags":[],"class_list":["post-81564","post","type-post","status-publish","format-standard","has-post-thumbnail","hentry","category-internacional"],"jetpack_publicize_connections":[],"jetpack_featured_media_url":"https:\/\/i0.wp.com\/politicosaldesnudo.com.mx\/wp-content\/uploads\/2026\/03\/ZEL.jpg?fit=1200%2C800&ssl=1","jetpack-related-posts":[],"jetpack_sharing_enabled":true,"_links":{"self":[{"href":"https:\/\/politicosaldesnudo.com.mx\/index.php\/wp-json\/wp\/v2\/posts\/81564","targetHints":{"allow":["GET"]}}],"collection":[{"href":"https:\/\/politicosaldesnudo.com.mx\/index.php\/wp-json\/wp\/v2\/posts"}],"about":[{"href":"https:\/\/politicosaldesnudo.com.mx\/index.php\/wp-json\/wp\/v2\/types\/post"}],"author":[{"embeddable":true,"href":"https:\/\/politicosaldesnudo.com.mx\/index.php\/wp-json\/wp\/v2\/users\/4"}],"replies":[{"embeddable":true,"href":"https:\/\/politicosaldesnudo.com.mx\/index.php\/wp-json\/wp\/v2\/comments?post=81564"}],"version-history":[{"count":0,"href":"https:\/\/politicosaldesnudo.com.mx\/index.php\/wp-json\/wp\/v2\/posts\/81564\/revisions"}],"wp:featuredmedia":[{"embeddable":true,"href":"https:\/\/politicosaldesnudo.com.mx\/index.php\/wp-json\/wp\/v2\/media\/81565"}],"wp:attachment":[{"href":"https:\/\/politicosaldesnudo.com.mx\/index.php\/wp-json\/wp\/v2\/media?parent=81564"}],"wp:term":[{"taxonomy":"category","embeddable":true,"href":"https:\/\/politicosaldesnudo.com.mx\/index.php\/wp-json\/wp\/v2\/categories?post=81564"},{"taxonomy":"post_tag","embeddable":true,"href":"https:\/\/politicosaldesnudo.com.mx\/index.php\/wp-json\/wp\/v2\/tags?post=81564"}],"curies":[{"name":"wp","href":"https:\/\/api.w.org\/{rel}","templated":true}]}}