{"id":81568,"date":"2026-03-16T04:31:01","date_gmt":"2026-03-16T10:31:01","guid":{"rendered":"https:\/\/politicosaldesnudo.com.mx\/?p=81568"},"modified":"2026-03-16T04:31:01","modified_gmt":"2026-03-16T10:31:01","slug":"carreteras-mas-seguras-para-viajar","status":"publish","type":"post","link":"https:\/\/politicosaldesnudo.com.mx\/index.php\/2026\/03\/16\/carreteras-mas-seguras-para-viajar\/","title":{"rendered":"Carreteras m\u00e1s seguras para viajar"},"content":{"rendered":"<p>En los \u00faltimos a\u00f1os, uno de los temas que m\u00e1s preocupaban a quienes recorren Veracruz por trabajo, turismo o visita familiar era la seguridad en las carreteras. Los asaltos y robos al transporte hab\u00edan sembrado desconfianza en muchos tramos del estado. Sin embargo, los datos m\u00e1s recientes apuntan a una tendencia distinta: los asaltos carreteros van en disminuci\u00f3n.<\/p>\n<p>Este descenso llega en un momento clave. Justo cuando inicia un nuevo puente vacacional, miles de veracruzanos se movilizan dentro del estado para descansar, visitar a sus familias o conocer sus regiones. Lo mismo ocurrir\u00e1 en unas semanas con la temporada de Semana Santa, uno de los periodos con mayor movimiento en carreteras y destinos tur\u00edsticos.<\/p>\n<p>La reducci\u00f3n de estos delitos no ocurre por casualidad. Responde a una estrategia de seguridad que ha buscado reforzar la vigilancia en puntos cr\u00edticos, aumentar la presencia de fuerzas de seguridad y coordinar operativos en tramos donde antes se registraban con mayor frecuencia los robos. Las acciones del gobierno estatal encabezado por Roc\u00edo Nahle han puesto especial atenci\u00f3n en recuperar la confianza de quienes usan las v\u00edas terrestres.<\/p>\n<p>Para un estado tan extenso y diverso como Veracruz, la movilidad es fundamental. Las carreteras conectan regiones productivas, zonas tur\u00edsticas y comunidades que dependen del tr\u00e1nsito constante de personas y mercanc\u00edas. Cuando esas rutas son seguras, no s\u00f3lo gana quien conduce; gana tambi\u00e9n la econom\u00eda local, el turismo y la vida cotidiana de miles de familias.<\/p>\n<p>Este puente vacacional es una primera prueba de esa recuperaci\u00f3n. Hoteles, restaurantes y comercios esperan la llegada de visitantes de distintos puntos del estado. La posibilidad de viajar con mayor tranquilidad es una se\u00f1al positiva para un sector que depende del movimiento de personas.<\/p>\n<p>Por supuesto, la seguridad es una tarea permanente. Mantener la tendencia a la baja requerir\u00e1 continuidad en la vigilancia, coordinaci\u00f3n entre autoridades y atenci\u00f3n a los puntos donde a\u00fan existen riesgos. Pero reconocer los avances tambi\u00e9n es necesario cuando comienzan a reflejarse en la experiencia diaria de quienes recorren las carreteras.<\/p>\n<p>Veracruz tiene en sus caminos una de sus mayores fortalezas: conectan mar, monta\u00f1a, cultura y tradici\u00f3n. Que hoy miles de veracruzanos puedan aprovechar este puente para ir y venir por el estado con mayor confianza es una buena noticia. Y si esa tendencia se mantiene hacia Semana Santa, el mensaje ser\u00e1 claro: viajar por Veracruz puede volver a ser sin\u00f3nimo de tranquilidad.<\/p>\n<p><img data-recalc-dims=\"1\" loading=\"lazy\" decoding=\"async\" class=\"aligncenter size-full wp-image-81479\" src=\"https:\/\/i0.wp.com\/politicosaldesnudo.com.mx\/wp-content\/uploads\/2026\/03\/FIRMA-EDITORIAL-PD-3.jpg?resize=800%2C98&#038;ssl=1\" alt=\"\" width=\"800\" height=\"98\" srcset=\"https:\/\/i0.wp.com\/politicosaldesnudo.com.mx\/wp-content\/uploads\/2026\/03\/FIRMA-EDITORIAL-PD-3.jpg?w=1024&amp;ssl=1 1024w, https:\/\/i0.wp.com\/politicosaldesnudo.com.mx\/wp-content\/uploads\/2026\/03\/FIRMA-EDITORIAL-PD-3.jpg?resize=300%2C37&amp;ssl=1 300w, https:\/\/i0.wp.com\/politicosaldesnudo.com.mx\/wp-content\/uploads\/2026\/03\/FIRMA-EDITORIAL-PD-3.jpg?resize=768%2C94&amp;ssl=1 768w\" sizes=\"auto, (max-width: 800px) 100vw, 800px\" \/><\/p>\n","protected":false},"excerpt":{"rendered":"<p>En los \u00faltimos a\u00f1os, uno de los temas que m\u00e1s preocupaban a quienes recorren Veracruz por trabajo, turismo o visita<\/p>\n","protected":false},"author":4,"featured_media":81569,"comment_status":"closed","ping_status":"closed","sticky":false,"template":"","format":"standard","meta":{"colormag_page_container_layout":"default_layout","colormag_page_sidebar_layout":"default_layout","_jetpack_memberships_contains_paid_content":false,"footnotes":"","jetpack_publicize_message":"","jetpack_publicize_feature_enabled":true,"jetpack_social_post_already_shared":true,"jetpack_social_options":{"image_generator_settings":{"template":"highway","default_image_id":0,"font":"","enabled":false},"version":2}},"categories":[26],"tags":[],"class_list":["post-81568","post","type-post","status-publish","format-standard","has-post-thumbnail","hentry","category-columnistas"],"jetpack_publicize_connections":[],"jetpack_featured_media_url":"https:\/\/i0.wp.com\/politicosaldesnudo.com.mx\/wp-content\/uploads\/2026\/03\/BANNER-LOPEZ-DORIGA-DIGITAL-2.jpg?fit=800%2C445&ssl=1","jetpack-related-posts":[],"jetpack_sharing_enabled":true,"_links":{"self":[{"href":"https:\/\/politicosaldesnudo.com.mx\/index.php\/wp-json\/wp\/v2\/posts\/81568","targetHints":{"allow":["GET"]}}],"collection":[{"href":"https:\/\/politicosaldesnudo.com.mx\/index.php\/wp-json\/wp\/v2\/posts"}],"about":[{"href":"https:\/\/politicosaldesnudo.com.mx\/index.php\/wp-json\/wp\/v2\/types\/post"}],"author":[{"embeddable":true,"href":"https:\/\/politicosaldesnudo.com.mx\/index.php\/wp-json\/wp\/v2\/users\/4"}],"replies":[{"embeddable":true,"href":"https:\/\/politicosaldesnudo.com.mx\/index.php\/wp-json\/wp\/v2\/comments?post=81568"}],"version-history":[{"count":0,"href":"https:\/\/politicosaldesnudo.com.mx\/index.php\/wp-json\/wp\/v2\/posts\/81568\/revisions"}],"wp:featuredmedia":[{"embeddable":true,"href":"https:\/\/politicosaldesnudo.com.mx\/index.php\/wp-json\/wp\/v2\/media\/81569"}],"wp:attachment":[{"href":"https:\/\/politicosaldesnudo.com.mx\/index.php\/wp-json\/wp\/v2\/media?parent=81568"}],"wp:term":[{"taxonomy":"category","embeddable":true,"href":"https:\/\/politicosaldesnudo.com.mx\/index.php\/wp-json\/wp\/v2\/categories?post=81568"},{"taxonomy":"post_tag","embeddable":true,"href":"https:\/\/politicosaldesnudo.com.mx\/index.php\/wp-json\/wp\/v2\/tags?post=81568"}],"curies":[{"name":"wp","href":"https:\/\/api.w.org\/{rel}","templated":true}]}}