{"id":81577,"date":"2026-03-16T20:44:16","date_gmt":"2026-03-17T02:44:16","guid":{"rendered":"https:\/\/politicosaldesnudo.com.mx\/?p=81577"},"modified":"2026-03-16T20:44:16","modified_gmt":"2026-03-17T02:44:16","slug":"justicia-demorada-justicia-denegada","status":"publish","type":"post","link":"https:\/\/politicosaldesnudo.com.mx\/index.php\/2026\/03\/16\/justicia-demorada-justicia-denegada\/","title":{"rendered":"Justicia demorada justicia denegada"},"content":{"rendered":"<p>A los ministros, magistrados, jueces, fiscales y agentes del ministerio p\u00fablico del segundo piso de la Cuarta Transformaci\u00f3n de la Rep\u00fablica, hay que recordarles que la Revoluci\u00f3n Mexicana, tuvo como objetivo primigenio el erradicar los males que sustentaron el descontento por aquella justicia selectiva que predominaba por aquella \u00e9poca pol\u00edtica.<\/p>\n<p>Han transcurrido siglos, sexenios y sexenios y el problema de una incierta y lenta procuraci\u00f3n e impartici\u00f3n de justicia todav\u00eda lastima a nuestro M\u00e9xico.<\/p>\n<p>Uno de los grandes desaciertos que se imputaban e imputan a aquellos y actuales gobiernos en el poder, era y es, que la marcha de la justicia es obstruida por el c\u00famulo de casos que se manejaban y manejan.<\/p>\n<p>La Asamblea Constituyente, fruto supremo de esa Revoluci\u00f3n, recog\u00eda los anhelos de los justiciables, en el sentido de que para la Naci\u00f3n existiera una justicia pronta, gratuita y expedita.<\/p>\n<p>Aquellos ideales de la sangre que fue derramada, se tradujeron en los buenos deseos plasmados en el ar\u00e1bigo 17 de nuestra Ley Suprema, que, en el hoy, una vez m\u00e1s se ven frustrados, pues a pesar de buenos o p\u00e9simos esfuerzos de todos los gobernantes de los aludidos sexenios, no se ha logrado que esa justicia sea procurada e impartida en los t\u00e9rminos ordenados.<\/p>\n<p>La Academia de Derecho Penal del Colegio Nacional de Abogados Foro de M\u00e9xico, por esa situaci\u00f3n se lamenta a nombre de todos los justiciables y sostiene que la promesa de todos los mandatarios por conceder a M\u00e9xico una pronta procuraci\u00f3n e impartici\u00f3n de justicia no ha sido cumplida y, ha quedado ello s\u00f3lo en palabras y promesas.<\/p>\n<p>Para conocimiento de la Primera Magistrada de la Naci\u00f3n, si a\u00fan no se lo han hecho saber sus asesores: nuestros recintos de justicia no se encuentran capacitados ni expeditos para procurar e impartir justicia, en los t\u00e9rminos mandatados por esa Constituci\u00f3n Republicana sobre la que jurament\u00f3.<\/p>\n<p>En concepto de la abogac\u00eda independiente y colegiada de la Rep\u00fablica, la permanencia de ese vicio tan negativo a dar cumplimiento al postulado inserto en el numeral 17 Constitucional, no solo constituye un atentado que debe ipso facto desaparecer para los efectos de que alg\u00fan d\u00eda, esa abogac\u00eda y los justiciables puedan afirmar que la Primera Magistrada de la Naci\u00f3n cumpli\u00f3 con su deber, sin seguir el ejemplo insano de muchos presidentes que la antecedieron.<\/p>\n<p>Es cu\u00e1nto.<\/p>\n<p><img data-recalc-dims=\"1\" loading=\"lazy\" decoding=\"async\" class=\"aligncenter size-full wp-image-81479\" src=\"https:\/\/i0.wp.com\/politicosaldesnudo.com.mx\/wp-content\/uploads\/2026\/03\/FIRMA-EDITORIAL-PD-3.jpg?resize=800%2C98&#038;ssl=1\" alt=\"\" width=\"800\" height=\"98\" srcset=\"https:\/\/i0.wp.com\/politicosaldesnudo.com.mx\/wp-content\/uploads\/2026\/03\/FIRMA-EDITORIAL-PD-3.jpg?w=1024&amp;ssl=1 1024w, https:\/\/i0.wp.com\/politicosaldesnudo.com.mx\/wp-content\/uploads\/2026\/03\/FIRMA-EDITORIAL-PD-3.jpg?resize=300%2C37&amp;ssl=1 300w, https:\/\/i0.wp.com\/politicosaldesnudo.com.mx\/wp-content\/uploads\/2026\/03\/FIRMA-EDITORIAL-PD-3.jpg?resize=768%2C94&amp;ssl=1 768w\" sizes=\"auto, (max-width: 800px) 100vw, 800px\" \/><\/p>\n","protected":false},"excerpt":{"rendered":"<p>A los ministros, magistrados, jueces, fiscales y agentes del ministerio p\u00fablico del segundo piso de la Cuarta Transformaci\u00f3n de la<\/p>\n","protected":false},"author":4,"featured_media":80905,"comment_status":"closed","ping_status":"closed","sticky":false,"template":"","format":"standard","meta":{"colormag_page_container_layout":"default_layout","colormag_page_sidebar_layout":"default_layout","_jetpack_memberships_contains_paid_content":false,"footnotes":"","jetpack_publicize_message":"","jetpack_publicize_feature_enabled":true,"jetpack_social_post_already_shared":true,"jetpack_social_options":{"image_generator_settings":{"template":"highway","default_image_id":0,"font":"","enabled":false},"version":2}},"categories":[26],"tags":[],"class_list":["post-81577","post","type-post","status-publish","format-standard","has-post-thumbnail","hentry","category-columnistas"],"jetpack_publicize_connections":[],"jetpack_featured_media_url":"https:\/\/i0.wp.com\/politicosaldesnudo.com.mx\/wp-content\/uploads\/2026\/03\/WOODLRICH.jpg?fit=800%2C445&ssl=1","jetpack-related-posts":[],"jetpack_sharing_enabled":true,"_links":{"self":[{"href":"https:\/\/politicosaldesnudo.com.mx\/index.php\/wp-json\/wp\/v2\/posts\/81577","targetHints":{"allow":["GET"]}}],"collection":[{"href":"https:\/\/politicosaldesnudo.com.mx\/index.php\/wp-json\/wp\/v2\/posts"}],"about":[{"href":"https:\/\/politicosaldesnudo.com.mx\/index.php\/wp-json\/wp\/v2\/types\/post"}],"author":[{"embeddable":true,"href":"https:\/\/politicosaldesnudo.com.mx\/index.php\/wp-json\/wp\/v2\/users\/4"}],"replies":[{"embeddable":true,"href":"https:\/\/politicosaldesnudo.com.mx\/index.php\/wp-json\/wp\/v2\/comments?post=81577"}],"version-history":[{"count":0,"href":"https:\/\/politicosaldesnudo.com.mx\/index.php\/wp-json\/wp\/v2\/posts\/81577\/revisions"}],"wp:featuredmedia":[{"embeddable":true,"href":"https:\/\/politicosaldesnudo.com.mx\/index.php\/wp-json\/wp\/v2\/media\/80905"}],"wp:attachment":[{"href":"https:\/\/politicosaldesnudo.com.mx\/index.php\/wp-json\/wp\/v2\/media?parent=81577"}],"wp:term":[{"taxonomy":"category","embeddable":true,"href":"https:\/\/politicosaldesnudo.com.mx\/index.php\/wp-json\/wp\/v2\/categories?post=81577"},{"taxonomy":"post_tag","embeddable":true,"href":"https:\/\/politicosaldesnudo.com.mx\/index.php\/wp-json\/wp\/v2\/tags?post=81577"}],"curies":[{"name":"wp","href":"https:\/\/api.w.org\/{rel}","templated":true}]}}