{"id":81582,"date":"2026-03-16T20:48:07","date_gmt":"2026-03-17T02:48:07","guid":{"rendered":"https:\/\/politicosaldesnudo.com.mx\/?p=81582"},"modified":"2026-03-16T20:48:07","modified_gmt":"2026-03-17T02:48:07","slug":"entre-el-oficio-y-el-ruido","status":"publish","type":"post","link":"https:\/\/politicosaldesnudo.com.mx\/index.php\/2026\/03\/16\/entre-el-oficio-y-el-ruido\/","title":{"rendered":"Entre el oficio y el ruido"},"content":{"rendered":"<p style=\"font-weight: 400;\"><em>\u201cTem\u00eda a la verdad, hasta que descubr\u00ed la fealdad de las mentiras\u201d. \u2013 Ernest Hemingway.<\/em><\/p>\n<p style=\"font-weight: 400;\"><strong>En tiempos de hiperconectividad, la frontera entre informar y simplemente difundir contenido se ha vuelto cada vez m\u00e1s difusa. La irrupci\u00f3n de las redes sociales y la universalizaci\u00f3n de los tel\u00e9fonos inteligentes han democratizado la posibilidad de comunicar, pero tambi\u00e9n han generado una pregunta fundamental para la vida p\u00fablica: \u00bfqui\u00e9n puede ser considerado realmente periodista?<\/strong><\/p>\n<p style=\"font-weight: 400;\"><strong>Los tratados internacionales sobre libertad de expresi\u00f3n han ampliado el concepto de comunicador. Organismos como la Organizaci\u00f3n de las Naciones Unidas para la Educaci\u00f3n, la Ciencia y la Cultura (UNESCO) o la Comisi\u00f3n Interamericana de Derechos Humanos han sostenido que el derecho a informar no pertenece exclusivamente a los profesionales del periodismo, sino a toda persona que difunda informaci\u00f3n de inter\u00e9s p\u00fablico. Bajo esa l\u00f3gica, cualquiera con un tel\u00e9fono celular y acceso a internet puede registrar un hecho, documentarlo y publicarlo.<\/strong><\/p>\n<p style=\"font-weight: 400;\"><strong>Sin embargo, que alguien pueda comunicar no significa necesariamente que ejerza periodismo. Desde la academia, el periodismo se define como una actividad sistem\u00e1tica de b\u00fasqueda, verificaci\u00f3n, contextualizaci\u00f3n y difusi\u00f3n de informaci\u00f3n relevante para la sociedad. No se trata solo de transmitir datos, sino de interpretarlos bajo principios \u00e9ticos, metodol\u00f3gicos y profesionales que permitan a la ciudadan\u00eda comprender su realidad.<\/strong><\/p>\n<p style=\"font-weight: 400;\"><strong>El reportero, en esa definici\u00f3n cl\u00e1sica, cumple un papel esencial: investiga, contrasta fuentes, construye narrativas verificables y asume responsabilidad p\u00fablica sobre lo que publica. El comunicador, en cambio, puede desempe\u00f1ar m\u00faltiples funciones \u2014institucionales, comerciales o personales\u2014 sin necesariamente estar sujeto a los mismos est\u00e1ndares de rigor informativo.<\/strong><\/p>\n<p style=\"font-weight: 400;\"><strong>Esta distinci\u00f3n resulta particularmente relevante en contextos de violencia y presi\u00f3n pol\u00edtica, como ocurre en diversos estados del pa\u00eds. En Veracruz, el ejercicio del periodismo ha enfrentado durante a\u00f1os una realidad marcada por amenazas, agresiones y asesinatos de reporteros. No se trata \u00fanicamente de un problema laboral o gremial; es un asunto que impacta directamente en la calidad de la democracia.<\/strong><\/p>\n<p style=\"font-weight: 400;\"><strong>Sin prensa libre y profesional, la sociedad pierde uno de sus principales mecanismos de vigilancia sobre el poder. El periodismo funciona como contrapeso institucional informal: investiga abusos, revela irregularidades y permite que la ciudadan\u00eda acceda a informaci\u00f3n que de otro modo permanecer\u00eda oculta.<\/strong><\/p>\n<p style=\"font-weight: 400;\"><strong>En regiones donde el crimen organizado busca imponer silencios o dictar agendas informativas, la figura del periodista adquiere un valor a\u00fan mayor. Informar con responsabilidad, documentar hechos y resistir presiones implica, en muchos casos, un acto de valent\u00eda civil.<\/strong><\/p>\n<p style=\"font-weight: 400;\"><strong>De ah\u00ed la importancia de instituciones dise\u00f1adas para proteger esta labor. En M\u00e9xico existen mecanismos espec\u00edficos como el Mecanismo de Protecci\u00f3n para Personas Defensoras de Derechos Humanos y Periodistas de la Secretar\u00eda de Gobernaci\u00f3n, as\u00ed como organismos estatales como la Comisi\u00f3n Estatal para la Atenci\u00f3n y Protecci\u00f3n de los Periodistas (CEAPP) en Veracruz, que buscan brindar respaldo y medidas de seguridad al gremio.<\/strong><\/p>\n<p style=\"font-weight: 400;\"><strong>Los intentos de la CEAPP por convertirse en una dependencia itinerante buscan precisamente el conocer de viva voz las problem\u00e1ticas que enfrentan las y los reporteros en las diversas regiones del estado, el mantener ese v\u00ednculo garantiza que el mecanismo sea m\u00e1s efectivo y que las medidas aplicadas en cada caso sean m\u00e1s eficientes.<\/strong><\/p>\n<p style=\"font-weight: 400;\"><strong>La discusi\u00f3n, entonces, no es excluir a quienes comunican desde nuevas plataformas, sino reconocer que el periodismo sigue siendo un oficio con responsabilidades sociales espec\u00edficas. En medio del ruido digital, el verdadero reto consiste en distinguir entre la simple difusi\u00f3n de contenido y el ejercicio profesional de informar. Porque en democracia, no basta con que todos hablen; es indispensable que alguien investigue, verifique y cuente la verdad.<\/strong><\/p>\n<p style=\"font-weight: 400;\"><strong>\u00a0<\/strong><\/p>\n<p style=\"font-weight: 400;\"><strong>Al tiempo.<\/strong><\/p>\n<p><img data-recalc-dims=\"1\" loading=\"lazy\" decoding=\"async\" class=\"aligncenter size-full wp-image-81479\" src=\"https:\/\/i0.wp.com\/politicosaldesnudo.com.mx\/wp-content\/uploads\/2026\/03\/FIRMA-EDITORIAL-PD-3.jpg?resize=800%2C98&#038;ssl=1\" alt=\"\" width=\"800\" height=\"98\" srcset=\"https:\/\/i0.wp.com\/politicosaldesnudo.com.mx\/wp-content\/uploads\/2026\/03\/FIRMA-EDITORIAL-PD-3.jpg?w=1024&amp;ssl=1 1024w, https:\/\/i0.wp.com\/politicosaldesnudo.com.mx\/wp-content\/uploads\/2026\/03\/FIRMA-EDITORIAL-PD-3.jpg?resize=300%2C37&amp;ssl=1 300w, https:\/\/i0.wp.com\/politicosaldesnudo.com.mx\/wp-content\/uploads\/2026\/03\/FIRMA-EDITORIAL-PD-3.jpg?resize=768%2C94&amp;ssl=1 768w\" sizes=\"auto, (max-width: 800px) 100vw, 800px\" \/><\/p>\n","protected":false},"excerpt":{"rendered":"<p>\u201cTem\u00eda a la verdad, hasta que descubr\u00ed la fealdad de las mentiras\u201d. \u2013 Ernest Hemingway. En tiempos de hiperconectividad, la<\/p>\n","protected":false},"author":4,"featured_media":78055,"comment_status":"closed","ping_status":"closed","sticky":false,"template":"","format":"standard","meta":{"colormag_page_container_layout":"default_layout","colormag_page_sidebar_layout":"default_layout","_jetpack_memberships_contains_paid_content":false,"footnotes":"","jetpack_publicize_message":"","jetpack_publicize_feature_enabled":true,"jetpack_social_post_already_shared":true,"jetpack_social_options":{"image_generator_settings":{"template":"highway","default_image_id":0,"font":"","enabled":false},"version":2}},"categories":[26],"tags":[],"class_list":["post-81582","post","type-post","status-publish","format-standard","has-post-thumbnail","hentry","category-columnistas"],"jetpack_publicize_connections":[],"jetpack_featured_media_url":"https:\/\/i0.wp.com\/politicosaldesnudo.com.mx\/wp-content\/uploads\/2026\/01\/BANNER-BAQUEIRO.jpg?fit=666%2C371&ssl=1","jetpack-related-posts":[],"jetpack_sharing_enabled":true,"_links":{"self":[{"href":"https:\/\/politicosaldesnudo.com.mx\/index.php\/wp-json\/wp\/v2\/posts\/81582","targetHints":{"allow":["GET"]}}],"collection":[{"href":"https:\/\/politicosaldesnudo.com.mx\/index.php\/wp-json\/wp\/v2\/posts"}],"about":[{"href":"https:\/\/politicosaldesnudo.com.mx\/index.php\/wp-json\/wp\/v2\/types\/post"}],"author":[{"embeddable":true,"href":"https:\/\/politicosaldesnudo.com.mx\/index.php\/wp-json\/wp\/v2\/users\/4"}],"replies":[{"embeddable":true,"href":"https:\/\/politicosaldesnudo.com.mx\/index.php\/wp-json\/wp\/v2\/comments?post=81582"}],"version-history":[{"count":0,"href":"https:\/\/politicosaldesnudo.com.mx\/index.php\/wp-json\/wp\/v2\/posts\/81582\/revisions"}],"wp:featuredmedia":[{"embeddable":true,"href":"https:\/\/politicosaldesnudo.com.mx\/index.php\/wp-json\/wp\/v2\/media\/78055"}],"wp:attachment":[{"href":"https:\/\/politicosaldesnudo.com.mx\/index.php\/wp-json\/wp\/v2\/media?parent=81582"}],"wp:term":[{"taxonomy":"category","embeddable":true,"href":"https:\/\/politicosaldesnudo.com.mx\/index.php\/wp-json\/wp\/v2\/categories?post=81582"},{"taxonomy":"post_tag","embeddable":true,"href":"https:\/\/politicosaldesnudo.com.mx\/index.php\/wp-json\/wp\/v2\/tags?post=81582"}],"curies":[{"name":"wp","href":"https:\/\/api.w.org\/{rel}","templated":true}]}}