{"id":81584,"date":"2026-03-17T00:01:40","date_gmt":"2026-03-17T06:01:40","guid":{"rendered":"https:\/\/politicosaldesnudo.com.mx\/?p=81584"},"modified":"2026-03-16T21:05:17","modified_gmt":"2026-03-17T03:05:17","slug":"intensifican-trabajos-de-balizamiento-y-preparativos-de-seguridad-vial-ante-la-proximidad-de-semana-santa-en-tuxpan","status":"publish","type":"post","link":"https:\/\/politicosaldesnudo.com.mx\/index.php\/2026\/03\/17\/intensifican-trabajos-de-balizamiento-y-preparativos-de-seguridad-vial-ante-la-proximidad-de-semana-santa-en-tuxpan\/","title":{"rendered":"Intensifican trabajos de balizamiento y preparativos de seguridad vial ante la proximidad de Semana Santa en Tuxpan"},"content":{"rendered":"<p>l Director de Tr\u00e1nsito y Vialidad Municipal, Juan Manuel Guti\u00e9rrez Leal, inform\u00f3 en entrevista que el programa de ordenamiento vial en el puerto avanza conforme a lo planeado, tras haber concluido con \u00e9xito la primera etapa de balizamiento en las principales arterias de la ciudad.<\/p>\n<p>El funcionario se\u00f1al\u00f3 que, de manera inmediata, se dar\u00e1 inicio a la segunda fase de estos trabajos, los cuales buscan mejorar la visibilidad de pasos peatonales, l\u00edneas divisorias y zonas restrictivas para garantizar una movilidad m\u00e1s segura tanto para conductores como para transe\u00fantes.<\/p>\n<p>Aunado a estas labores de infraestructura vial, Guti\u00e9rrez Leal destac\u00f3 que la corporaci\u00f3n ya se encuentra dise\u00f1ando los operativos estrat\u00e9gicos para la temporada vacacional de Semana Santa.<\/p>\n<p>Ante la expectativa de una alta afluencia tur\u00edstica, el director subray\u00f3 que el objetivo primordial es agilizar el flujo vehicular en los accesos a la zona de playas y el centro hist\u00f3rico, asegurando que el personal a su cargo est\u00e1 listo para brindar orientaci\u00f3n y auxilio a los visitantes que arriben al municipio en las pr\u00f3ximas semanas.<\/p>\n","protected":false},"excerpt":{"rendered":"<p>l Director de Tr\u00e1nsito y Vialidad Municipal, Juan Manuel Guti\u00e9rrez Leal, inform\u00f3 en entrevista que el programa de ordenamiento vial<\/p>\n","protected":false},"author":4,"featured_media":81585,"comment_status":"closed","ping_status":"closed","sticky":false,"template":"","format":"standard","meta":{"colormag_page_container_layout":"default_layout","colormag_page_sidebar_layout":"default_layout","_jetpack_memberships_contains_paid_content":false,"footnotes":"","jetpack_publicize_message":"","jetpack_publicize_feature_enabled":true,"jetpack_social_post_already_shared":true,"jetpack_social_options":{"image_generator_settings":{"template":"highway","default_image_id":0,"font":"","enabled":false},"version":2}},"categories":[1082],"tags":[],"class_list":["post-81584","post","type-post","status-publish","format-standard","has-post-thumbnail","hentry","category-tuxpan"],"jetpack_publicize_connections":[],"jetpack_featured_media_url":"https:\/\/i0.wp.com\/politicosaldesnudo.com.mx\/wp-content\/uploads\/2026\/03\/WhatsApp-Image-2026-03-15-at-15.24.48.jpeg?fit=1286%2C676&ssl=1","jetpack-related-posts":[],"jetpack_sharing_enabled":true,"_links":{"self":[{"href":"https:\/\/politicosaldesnudo.com.mx\/index.php\/wp-json\/wp\/v2\/posts\/81584","targetHints":{"allow":["GET"]}}],"collection":[{"href":"https:\/\/politicosaldesnudo.com.mx\/index.php\/wp-json\/wp\/v2\/posts"}],"about":[{"href":"https:\/\/politicosaldesnudo.com.mx\/index.php\/wp-json\/wp\/v2\/types\/post"}],"author":[{"embeddable":true,"href":"https:\/\/politicosaldesnudo.com.mx\/index.php\/wp-json\/wp\/v2\/users\/4"}],"replies":[{"embeddable":true,"href":"https:\/\/politicosaldesnudo.com.mx\/index.php\/wp-json\/wp\/v2\/comments?post=81584"}],"version-history":[{"count":0,"href":"https:\/\/politicosaldesnudo.com.mx\/index.php\/wp-json\/wp\/v2\/posts\/81584\/revisions"}],"wp:featuredmedia":[{"embeddable":true,"href":"https:\/\/politicosaldesnudo.com.mx\/index.php\/wp-json\/wp\/v2\/media\/81585"}],"wp:attachment":[{"href":"https:\/\/politicosaldesnudo.com.mx\/index.php\/wp-json\/wp\/v2\/media?parent=81584"}],"wp:term":[{"taxonomy":"category","embeddable":true,"href":"https:\/\/politicosaldesnudo.com.mx\/index.php\/wp-json\/wp\/v2\/categories?post=81584"},{"taxonomy":"post_tag","embeddable":true,"href":"https:\/\/politicosaldesnudo.com.mx\/index.php\/wp-json\/wp\/v2\/tags?post=81584"}],"curies":[{"name":"wp","href":"https:\/\/api.w.org\/{rel}","templated":true}]}}