{"id":81590,"date":"2026-03-17T00:03:46","date_gmt":"2026-03-17T06:03:46","guid":{"rendered":"https:\/\/politicosaldesnudo.com.mx\/?p=81590"},"modified":"2026-03-16T21:07:31","modified_gmt":"2026-03-17T03:07:31","slug":"impulsan-la-inclusion-educativa","status":"publish","type":"post","link":"https:\/\/politicosaldesnudo.com.mx\/index.php\/2026\/03\/17\/impulsan-la-inclusion-educativa\/","title":{"rendered":"Impulsan la inclusi\u00f3n educativa"},"content":{"rendered":"<p>Con el objetivo de transformar las aulas en espacios m\u00e1s inclusivos y equitativos, se llev\u00f3 a cabo el Curso\u2013Taller de Fortalecimiento Profesional \u201cDise\u00f1o Universal del Aprendizaje (DUA 3.0)\u201d, contando con la participaci\u00f3n activa de autoridades municipales y del sector educativo.<br \/>\nLa Regidora Esmeralda M\u00e1rquez Ram\u00edrez destac\u00f3 su participaci\u00f3n en este encuentro regional, el cual fue coordinado por personal de la Direcci\u00f3n General de Educaci\u00f3n Primaria Estatal (DGEPE). La jornada tuvo como sede las instalaciones de la Supervisi\u00f3n Escolar 06 de Primarias en este puerto.<br \/>\nFortalecimiento docente en la regi\u00f3n<br \/>\nEl taller logr\u00f3 reunir a 90 directores y docentes provenientes de diversas regiones, consolidando un esfuerzo conjunto por la profesionalizaci\u00f3n acad\u00e9mica.<\/p>\n<p>Durante el evento, se subray\u00f3 la importancia de implementar el modelo DUA 3.0, una estrategia pedag\u00f3gica que busca eliminar las barreras del aprendizaje para que cada estudiante, sin importar sus condiciones, tenga las mismas oportunidades de \u00e9xito.<br \/>\n\u201cSeguimos impulsando la capacitaci\u00f3n docente para fortalecer la educaci\u00f3n de nuestras ni\u00f1as y ni\u00f1os\u201d, afirm\u00f3 la regidora M\u00e1rquez Ram\u00edrez, reafirmando el compromiso de la administraci\u00f3n local con el sector educativo.<br \/>\nEste esfuerzo se alinea con la visi\u00f3n de trabajo coordinado entre los distintos niveles de gobierno, destacando figuras clave en la gesti\u00f3n p\u00fablica y educativa como Daniel Cortina Mart\u00ednez, la Gobernadora Roc\u00edo Nahle, y la Secretaria de Educaci\u00f3n, Claudia Tello Espinosa, quienes han priorizado la actualizaci\u00f3n magisterial como eje del desarrollo en Veracruz.<\/p>\n","protected":false},"excerpt":{"rendered":"<p>Con el objetivo de transformar las aulas en espacios m\u00e1s inclusivos y equitativos, se llev\u00f3 a cabo el Curso\u2013Taller de<\/p>\n","protected":false},"author":4,"featured_media":81591,"comment_status":"closed","ping_status":"closed","sticky":false,"template":"","format":"standard","meta":{"colormag_page_container_layout":"default_layout","colormag_page_sidebar_layout":"default_layout","_jetpack_memberships_contains_paid_content":false,"footnotes":"","jetpack_publicize_message":"","jetpack_publicize_feature_enabled":true,"jetpack_social_post_already_shared":true,"jetpack_social_options":{"image_generator_settings":{"template":"highway","default_image_id":0,"font":"","enabled":false},"version":2}},"categories":[1082],"tags":[],"class_list":["post-81590","post","type-post","status-publish","format-standard","has-post-thumbnail","hentry","category-tuxpan"],"jetpack_publicize_connections":[],"jetpack_featured_media_url":"https:\/\/i0.wp.com\/politicosaldesnudo.com.mx\/wp-content\/uploads\/2026\/03\/WhatsApp-Image-2026-03-15-at-15.49.07.jpeg?fit=960%2C777&ssl=1","jetpack-related-posts":[],"jetpack_sharing_enabled":true,"_links":{"self":[{"href":"https:\/\/politicosaldesnudo.com.mx\/index.php\/wp-json\/wp\/v2\/posts\/81590","targetHints":{"allow":["GET"]}}],"collection":[{"href":"https:\/\/politicosaldesnudo.com.mx\/index.php\/wp-json\/wp\/v2\/posts"}],"about":[{"href":"https:\/\/politicosaldesnudo.com.mx\/index.php\/wp-json\/wp\/v2\/types\/post"}],"author":[{"embeddable":true,"href":"https:\/\/politicosaldesnudo.com.mx\/index.php\/wp-json\/wp\/v2\/users\/4"}],"replies":[{"embeddable":true,"href":"https:\/\/politicosaldesnudo.com.mx\/index.php\/wp-json\/wp\/v2\/comments?post=81590"}],"version-history":[{"count":0,"href":"https:\/\/politicosaldesnudo.com.mx\/index.php\/wp-json\/wp\/v2\/posts\/81590\/revisions"}],"wp:featuredmedia":[{"embeddable":true,"href":"https:\/\/politicosaldesnudo.com.mx\/index.php\/wp-json\/wp\/v2\/media\/81591"}],"wp:attachment":[{"href":"https:\/\/politicosaldesnudo.com.mx\/index.php\/wp-json\/wp\/v2\/media?parent=81590"}],"wp:term":[{"taxonomy":"category","embeddable":true,"href":"https:\/\/politicosaldesnudo.com.mx\/index.php\/wp-json\/wp\/v2\/categories?post=81590"},{"taxonomy":"post_tag","embeddable":true,"href":"https:\/\/politicosaldesnudo.com.mx\/index.php\/wp-json\/wp\/v2\/tags?post=81590"}],"curies":[{"name":"wp","href":"https:\/\/api.w.org\/{rel}","templated":true}]}}