{"id":81599,"date":"2026-03-17T00:06:00","date_gmt":"2026-03-17T06:06:00","guid":{"rendered":"https:\/\/politicosaldesnudo.com.mx\/?p=81599"},"modified":"2026-03-16T21:38:08","modified_gmt":"2026-03-17T03:38:08","slug":"harfuch-se-reune-con-director-de-la-dea-abordan-combate-al-narco-y-trafico-de-armas","status":"publish","type":"post","link":"https:\/\/politicosaldesnudo.com.mx\/index.php\/2026\/03\/17\/harfuch-se-reune-con-director-de-la-dea-abordan-combate-al-narco-y-trafico-de-armas\/","title":{"rendered":"Harfuch se re\u00fane con director de la DEA; abordan combate al &#8216;narco&#8217; y tr\u00e1fico de armas"},"content":{"rendered":"<p class=\"nota-justify\">El titular de la Secretar\u00eda de Seguridad y Protecci\u00f3n Ciudadana, Omar Garc\u00eda Harfuch, inform\u00f3 este lunes que, en representaci\u00f3n del Gabinete de Seguridad del Gobierno de M\u00e9xico, se reuni\u00f3 en Washington DC, Estados Unidos con el director de la Administraci\u00f3n de Control de Drogas (DEA, por sus siglas en ingl\u00e9s),\u00a0\u00a0Terrance Cole.<\/p>\n<p class=\"nota-justify\">En redes sociales, el funcionario mexicano destac\u00f3 que dialogaron \u201csobre la importancia de fortalecer la cooperaci\u00f3n bilateral para combatir el narcotr\u00e1fico, frenar el tr\u00e1fico de armas hacia nuestro pa\u00eds, y disminuir la violencia en nuestro pa\u00eds con detenciones relevantes\u201d.<\/p>\n<p class=\"nota-justify\">Agreg\u00f3 que lo anterior sigue la instrucci\u00f3n de la presidenta Claudia Sheinbaum Pardo de\u00a0\u00a0continuar fortaleciendo la cooperaci\u00f3n internacional.<\/p>\n<p class=\"nota-justify\">Por su parte, la DEA public\u00f3 tambi\u00e9n en redes sociales que el di\u00e1logo se centr\u00f3 en \u201cla colaboraci\u00f3n transfronteriza en la lucha contra el narcotr\u00e1fico y la creaci\u00f3n de comunidades m\u00e1s seguras a ambos lados de la frontera\u201d.<\/p>\n","protected":false},"excerpt":{"rendered":"<p>El titular de la Secretar\u00eda de Seguridad y Protecci\u00f3n Ciudadana, Omar Garc\u00eda Harfuch, inform\u00f3 este lunes que, en representaci\u00f3n del<\/p>\n","protected":false},"author":4,"featured_media":81600,"comment_status":"closed","ping_status":"closed","sticky":false,"template":"","format":"standard","meta":{"colormag_page_container_layout":"default_layout","colormag_page_sidebar_layout":"default_layout","_jetpack_memberships_contains_paid_content":false,"footnotes":"","jetpack_publicize_message":"","jetpack_publicize_feature_enabled":true,"jetpack_social_post_already_shared":true,"jetpack_social_options":{"image_generator_settings":{"template":"highway","default_image_id":0,"font":"","enabled":false},"version":2}},"categories":[33],"tags":[],"class_list":["post-81599","post","type-post","status-publish","format-standard","has-post-thumbnail","hentry","category-nacional"],"jetpack_publicize_connections":[],"jetpack_featured_media_url":"https:\/\/i0.wp.com\/politicosaldesnudo.com.mx\/wp-content\/uploads\/2026\/03\/INU.jpg?fit=1200%2C928&ssl=1","jetpack-related-posts":[],"jetpack_sharing_enabled":true,"_links":{"self":[{"href":"https:\/\/politicosaldesnudo.com.mx\/index.php\/wp-json\/wp\/v2\/posts\/81599","targetHints":{"allow":["GET"]}}],"collection":[{"href":"https:\/\/politicosaldesnudo.com.mx\/index.php\/wp-json\/wp\/v2\/posts"}],"about":[{"href":"https:\/\/politicosaldesnudo.com.mx\/index.php\/wp-json\/wp\/v2\/types\/post"}],"author":[{"embeddable":true,"href":"https:\/\/politicosaldesnudo.com.mx\/index.php\/wp-json\/wp\/v2\/users\/4"}],"replies":[{"embeddable":true,"href":"https:\/\/politicosaldesnudo.com.mx\/index.php\/wp-json\/wp\/v2\/comments?post=81599"}],"version-history":[{"count":0,"href":"https:\/\/politicosaldesnudo.com.mx\/index.php\/wp-json\/wp\/v2\/posts\/81599\/revisions"}],"wp:featuredmedia":[{"embeddable":true,"href":"https:\/\/politicosaldesnudo.com.mx\/index.php\/wp-json\/wp\/v2\/media\/81600"}],"wp:attachment":[{"href":"https:\/\/politicosaldesnudo.com.mx\/index.php\/wp-json\/wp\/v2\/media?parent=81599"}],"wp:term":[{"taxonomy":"category","embeddable":true,"href":"https:\/\/politicosaldesnudo.com.mx\/index.php\/wp-json\/wp\/v2\/categories?post=81599"},{"taxonomy":"post_tag","embeddable":true,"href":"https:\/\/politicosaldesnudo.com.mx\/index.php\/wp-json\/wp\/v2\/tags?post=81599"}],"curies":[{"name":"wp","href":"https:\/\/api.w.org\/{rel}","templated":true}]}}