{"id":81602,"date":"2026-03-17T00:07:50","date_gmt":"2026-03-17T06:07:50","guid":{"rendered":"https:\/\/politicosaldesnudo.com.mx\/?p=81602"},"modified":"2026-03-16T21:39:58","modified_gmt":"2026-03-17T03:39:58","slug":"arranca-marina-estrategia-baluarte-manzanillo-contra-grupos-delictivos-en-colima","status":"publish","type":"post","link":"https:\/\/politicosaldesnudo.com.mx\/index.php\/2026\/03\/17\/arranca-marina-estrategia-baluarte-manzanillo-contra-grupos-delictivos-en-colima\/","title":{"rendered":"Arranca Marina \u201cEstrategia Baluarte Manzanillo\u201d contra grupos delictivos en Colima"},"content":{"rendered":"<p class=\"nota-justify\">La Secretar\u00eda de Marina-Armada de M\u00e9xico puso en marcha la Estrategia Baluarte Manzanillo para \u201ccombatir a los grupos delictivos y ser efectiva de manera omnipresente\u201d en esa ciudad y puerto del estado de Colima, donde en recientes d\u00edas, en el municipio de Villa de \u00c1lvarez, fueron asegurados 271 kilogramos de fentanilo.<\/p>\n<p class=\"nota-justify\">En un comunicado, la dependencia explic\u00f3 este lunes que la estrategia forma parte de parte de la fuerza de tarea \u201cOperaci\u00f3n Pez Vela\u201d y se desarrolla con base en cuadrantes, posicionamiento y horarios de acci\u00f3n basados en el an\u00e1lisis de mapas de calor e incidencia delictiva.<\/p>\n<p class=\"nota-justify\">Se trata de una acci\u00f3n en la que participar\u00e1n autoridades de seguridad de los tres niveles de gobierno, desde la Marina, la Secretar\u00eda de Seguridad P\u00fablica del Estado de Colima y de la Direcci\u00f3n de Seguridad P\u00fablica y Polic\u00eda Vial de Manzanillo.<\/p>\n<p class=\"nota-justify\">Para ello, las autoridades se coordinar\u00e1n en efectuar los patrones de vigilancia por sectores a trav\u00e9s de patrullajes pedestres y en veh\u00edculos, con filtros de seguridad y revisiones focalizadas. Usar\u00e1n veh\u00edculos y motocicletas y estar\u00e1n equipados con drones de vigilancia que maximizan las capacidades de estas unidades.<\/p>\n<p class=\"nota-justify\"><strong>270 kilos de fentanilo<\/strong><\/p>\n<p class=\"nota-justify\">El pasado jueves, el Gabinete de Seguridad del Gobierno de M\u00e9xico inform\u00f3 que autoridades federales aseguraron alrededor de\u00a0271\u00a0kilogramos de fentanilo \u2014equivalentes a aproximadamente 14 millones de dosis\u2014 y detuvieron a seis personas, entre ellas el presunto l\u00edder de una c\u00e9lula criminal, Yair \u201cN\u201d, durante un operativo realizado en el municipio de Villa de \u00c1lvarez.<\/p>\n<p class=\"nota-justify\">Tambi\u00e9n report\u00f3 el decomiso de m\u00e1s de 22 toneladas y 65 litros de precursores para la elaboraci\u00f3n de metanfetaminas en el puerto de Manzanillo; y m\u00e1s de 325 mil litros de hidrocarburos en cateos en Colima y Tecom\u00e1n.<\/p>\n<p class=\"nota-justify\">La presidenta Claudia Sheinbaum Pardo visit\u00f3 la entidad el pasado fin de semana. Durante su conferencia ma\u00f1anera, el secretario de Seguridad y Protecci\u00f3n Ciudadana (SSPC), Omar Garc\u00eda Harfuch, inform\u00f3 que en el estado el trabajo coordinado entre autoridades ha permitido disminuir los homicidios dolosos en lo que va del presente sexenio.<\/p>\n<p class=\"nota-justify\">Agreg\u00f3 que las acciones operativas han llevado a la detenci\u00f3n de 2 mil 790 personas por delitos de alto impacto y al aseguramiento de m\u00e1s de cuatro toneladas y media de droga. Asimismo, se han realizado 54 Jornadas por la Paz con la participaci\u00f3n de m\u00e1s de 8 mil personas, con el objetivo de fortalecer la atenci\u00f3n a las causas y el compromiso de seguir generando oportunidades para las y los j\u00f3venes.<\/p>\n","protected":false},"excerpt":{"rendered":"<p>La Secretar\u00eda de Marina-Armada de M\u00e9xico puso en marcha la Estrategia Baluarte Manzanillo para \u201ccombatir a los grupos delictivos y<\/p>\n","protected":false},"author":4,"featured_media":81603,"comment_status":"closed","ping_status":"closed","sticky":false,"template":"","format":"standard","meta":{"colormag_page_container_layout":"default_layout","colormag_page_sidebar_layout":"default_layout","_jetpack_memberships_contains_paid_content":false,"footnotes":"","jetpack_publicize_message":"","jetpack_publicize_feature_enabled":true,"jetpack_social_post_already_shared":true,"jetpack_social_options":{"image_generator_settings":{"template":"highway","default_image_id":0,"font":"","enabled":false},"version":2}},"categories":[33],"tags":[],"class_list":["post-81602","post","type-post","status-publish","format-standard","has-post-thumbnail","hentry","category-nacional"],"jetpack_publicize_connections":[],"jetpack_featured_media_url":"https:\/\/i0.wp.com\/politicosaldesnudo.com.mx\/wp-content\/uploads\/2026\/03\/MARI.jpg?fit=1200%2C810&ssl=1","jetpack-related-posts":[],"jetpack_sharing_enabled":true,"_links":{"self":[{"href":"https:\/\/politicosaldesnudo.com.mx\/index.php\/wp-json\/wp\/v2\/posts\/81602","targetHints":{"allow":["GET"]}}],"collection":[{"href":"https:\/\/politicosaldesnudo.com.mx\/index.php\/wp-json\/wp\/v2\/posts"}],"about":[{"href":"https:\/\/politicosaldesnudo.com.mx\/index.php\/wp-json\/wp\/v2\/types\/post"}],"author":[{"embeddable":true,"href":"https:\/\/politicosaldesnudo.com.mx\/index.php\/wp-json\/wp\/v2\/users\/4"}],"replies":[{"embeddable":true,"href":"https:\/\/politicosaldesnudo.com.mx\/index.php\/wp-json\/wp\/v2\/comments?post=81602"}],"version-history":[{"count":0,"href":"https:\/\/politicosaldesnudo.com.mx\/index.php\/wp-json\/wp\/v2\/posts\/81602\/revisions"}],"wp:featuredmedia":[{"embeddable":true,"href":"https:\/\/politicosaldesnudo.com.mx\/index.php\/wp-json\/wp\/v2\/media\/81603"}],"wp:attachment":[{"href":"https:\/\/politicosaldesnudo.com.mx\/index.php\/wp-json\/wp\/v2\/media?parent=81602"}],"wp:term":[{"taxonomy":"category","embeddable":true,"href":"https:\/\/politicosaldesnudo.com.mx\/index.php\/wp-json\/wp\/v2\/categories?post=81602"},{"taxonomy":"post_tag","embeddable":true,"href":"https:\/\/politicosaldesnudo.com.mx\/index.php\/wp-json\/wp\/v2\/tags?post=81602"}],"curies":[{"name":"wp","href":"https:\/\/api.w.org\/{rel}","templated":true}]}}