{"id":81605,"date":"2026-03-17T00:08:07","date_gmt":"2026-03-17T06:08:07","guid":{"rendered":"https:\/\/politicosaldesnudo.com.mx\/?p=81605"},"modified":"2026-03-16T21:42:14","modified_gmt":"2026-03-17T03:42:14","slug":"si-ahora-no-se-puede-despues-a-lo-mejor-si-sheinbaum-sobre-freno-legislativo-a-reforma-electoral","status":"publish","type":"post","link":"https:\/\/politicosaldesnudo.com.mx\/index.php\/2026\/03\/17\/si-ahora-no-se-puede-despues-a-lo-mejor-si-sheinbaum-sobre-freno-legislativo-a-reforma-electoral\/","title":{"rendered":"\u00abSi ahora no se puede, despu\u00e9s a lo mejor s\u00ed\u00bb: Sheinbaum sobre freno legislativo a reforma electoral"},"content":{"rendered":"<p class=\"nota-justify\">La presidenta Claudia Sheinbaum Pardo subray\u00f3 que si bien no fue posible que la reforma electoral fuese aprobada en el Congreso de la Uni\u00f3n, no quitar\u00e1 el dedo del rengl\u00f3n: \u201cSi ahora no se puede, despu\u00e9s a lo mejor s\u00ed\u201d.<\/p>\n<p class=\"nota-justify\">En la ma\u00f1anera de este lunes, la titular del Ejecutivo federal afirm\u00f3 que se trata de un anhelo de la ciudadan\u00eda, de ah\u00ed la necesidad de seguir insistiendo en que esa reforma pueda pasar.<\/p>\n<p class=\"nota-justify\">\u201cNosotros vamos a seguir insistiendo, para que haya disminuci\u00f3n de privilegios a partidos y la elecci\u00f3n de todos los diputados, es algo que ha pedido la gente. No se logr\u00f3 ahora, pero eso no quiere decir que quitemos el dedo del rengl\u00f3n\u201d, asegur\u00f3.<\/p>\n<p class=\"nota-justify\">Por otro lado, ante pregunta sobre el acuerdo alcanzado ayer en la Secretar\u00eda de Gobernaci\u00f3n con el PT y el PVEM, los partidos aliados de Morena, la mandataria federal sostuvo que \u00e9ste busca la reordenaci\u00f3n del presupuesto que hay en los Congresos locales, en el Senado de la Rep\u00fablica y en la cantidad de regidores en los municipios para que ese recurso se quede en esas demarcaciones y estados para obra p\u00fablica.<\/p>\n<p class=\"nota-justify\">\u201cEse es el principal acuerdo. Nosotros seguimos luchando contra los privilegios. No puede ser que un Congreso de un estado tenga 25 diputados y otro 25 diputados, y que \u00a0uno cuente con un monto por diputado de 39 millones y el otro de 5 millones\u201d.<\/p>\n","protected":false},"excerpt":{"rendered":"<p>La presidenta Claudia Sheinbaum Pardo subray\u00f3 que si bien no fue posible que la reforma electoral fuese aprobada en el<\/p>\n","protected":false},"author":4,"featured_media":81606,"comment_status":"closed","ping_status":"closed","sticky":false,"template":"","format":"standard","meta":{"colormag_page_container_layout":"default_layout","colormag_page_sidebar_layout":"default_layout","_jetpack_memberships_contains_paid_content":false,"footnotes":"","jetpack_publicize_message":"","jetpack_publicize_feature_enabled":true,"jetpack_social_post_already_shared":true,"jetpack_social_options":{"image_generator_settings":{"template":"highway","default_image_id":0,"font":"","enabled":false},"version":2}},"categories":[33],"tags":[],"class_list":["post-81605","post","type-post","status-publish","format-standard","has-post-thumbnail","hentry","category-nacional"],"jetpack_publicize_connections":[],"jetpack_featured_media_url":"https:\/\/i0.wp.com\/politicosaldesnudo.com.mx\/wp-content\/uploads\/2026\/03\/645420735_1409413691197962_3136743486271516753_n.jpg?fit=1920%2C1280&ssl=1","jetpack-related-posts":[],"jetpack_sharing_enabled":true,"_links":{"self":[{"href":"https:\/\/politicosaldesnudo.com.mx\/index.php\/wp-json\/wp\/v2\/posts\/81605","targetHints":{"allow":["GET"]}}],"collection":[{"href":"https:\/\/politicosaldesnudo.com.mx\/index.php\/wp-json\/wp\/v2\/posts"}],"about":[{"href":"https:\/\/politicosaldesnudo.com.mx\/index.php\/wp-json\/wp\/v2\/types\/post"}],"author":[{"embeddable":true,"href":"https:\/\/politicosaldesnudo.com.mx\/index.php\/wp-json\/wp\/v2\/users\/4"}],"replies":[{"embeddable":true,"href":"https:\/\/politicosaldesnudo.com.mx\/index.php\/wp-json\/wp\/v2\/comments?post=81605"}],"version-history":[{"count":0,"href":"https:\/\/politicosaldesnudo.com.mx\/index.php\/wp-json\/wp\/v2\/posts\/81605\/revisions"}],"wp:featuredmedia":[{"embeddable":true,"href":"https:\/\/politicosaldesnudo.com.mx\/index.php\/wp-json\/wp\/v2\/media\/81606"}],"wp:attachment":[{"href":"https:\/\/politicosaldesnudo.com.mx\/index.php\/wp-json\/wp\/v2\/media?parent=81605"}],"wp:term":[{"taxonomy":"category","embeddable":true,"href":"https:\/\/politicosaldesnudo.com.mx\/index.php\/wp-json\/wp\/v2\/categories?post=81605"},{"taxonomy":"post_tag","embeddable":true,"href":"https:\/\/politicosaldesnudo.com.mx\/index.php\/wp-json\/wp\/v2\/tags?post=81605"}],"curies":[{"name":"wp","href":"https:\/\/api.w.org\/{rel}","templated":true}]}}