{"id":81608,"date":"2026-03-17T00:09:53","date_gmt":"2026-03-17T06:09:53","guid":{"rendered":"https:\/\/politicosaldesnudo.com.mx\/?p=81608"},"modified":"2026-03-16T21:43:57","modified_gmt":"2026-03-17T03:43:57","slug":"comision-europea-alerta-duro-golpe-a-la-economia-ue-por-conflicto-en-medio-oriente","status":"publish","type":"post","link":"https:\/\/politicosaldesnudo.com.mx\/index.php\/2026\/03\/17\/comision-europea-alerta-duro-golpe-a-la-economia-ue-por-conflicto-en-medio-oriente\/","title":{"rendered":"Comisi\u00f3n Europea alerta duro golpe a la econom\u00eda UE por conflicto en Medio Oriente"},"content":{"rendered":"<p class=\"nota-justify\">Las interrupciones en los suministros de crudo y gas provocadas por la escalada b\u00e9lica en Medio Oriente podr\u00edan afectar seriamente a la econom\u00eda de la Uni\u00f3n Europea (UE), advirti\u00f3 la jefa de la Comisi\u00f3n Europea (CE), Ursula von der Leyen, en una carta dirigida a los l\u00edderes comunitarios.<\/p>\n<p class=\"nota-justify\">\u00abLas interrupciones prolongadas de los suministros de crudo y gas desde la regi\u00f3n del golfo P\u00e9rsico podr\u00edan afectar dr\u00e1sticamente a nuestra econom\u00eda\u00bb, reza el texto de la carta destinada a los l\u00edderes de la UE.<\/p>\n<p class=\"nota-justify\">La titular revel\u00f3 que Europa ha tenido que desembolsar 6 mil millones de euros adicionales para comprar combustible f\u00f3sil como consecuencia de la crisis.<\/p>\n<p class=\"nota-justify\">En este contexto, llam\u00f3 a los Estados miembros a que adopten medidas para reducir los precios para recursos energ\u00e9ticos y electricidad tanto para hogares como para las empresas.<\/p>\n<p class=\"nota-justify\">Adem\u00e1s, Von der Leyen califica la crisis en Medio Oriente como un conflicto regional que conlleva \u00abserias consecuencias geopol\u00edticas y geoecon\u00f3micas\u00bb incluido desplazamiento de personas dentro y entre los pa\u00edses de la regi\u00f3n, as\u00ed como problemas en sectores de energ\u00eda, finanzas, comercio, transporte y cadenas de entregas.<\/p>\n<p class=\"nota-justify\">La navegaci\u00f3n por el estrecho de Ormuz se vio afectada tras el inicio, el pasado 28 de febrero, de una operaci\u00f3n militar conjunta de EU e Israel contra Ir\u00e1n, con el objetivo de reducir las capacidades militares de la naci\u00f3n persa.<\/p>\n<p class=\"nota-justify\">El estrecho de Ormuz es clave para el comercio mundial de hidrocarburos, puesto que por all\u00ed transita un 20 por ciento del comercio de petr\u00f3leo.<\/p>\n<p class=\"nota-justify\">Seg\u00fan la Agencia Internacional de la Energ\u00eda, la cantidades de crudo y derivados de petr\u00f3leo que se exportan actualmente a trav\u00e9s de dicho estrecho representan menos del 10 por ciento de los niveles previos al conflicto.<\/p>\n","protected":false},"excerpt":{"rendered":"<p>Las interrupciones en los suministros de crudo y gas provocadas por la escalada b\u00e9lica en Medio Oriente podr\u00edan afectar seriamente<\/p>\n","protected":false},"author":4,"featured_media":81609,"comment_status":"closed","ping_status":"closed","sticky":false,"template":"","format":"standard","meta":{"colormag_page_container_layout":"default_layout","colormag_page_sidebar_layout":"default_layout","_jetpack_memberships_contains_paid_content":false,"footnotes":"","jetpack_publicize_message":"","jetpack_publicize_feature_enabled":true,"jetpack_social_post_already_shared":true,"jetpack_social_options":{"image_generator_settings":{"template":"highway","default_image_id":0,"font":"","enabled":false},"version":2}},"categories":[2050],"tags":[],"class_list":["post-81608","post","type-post","status-publish","format-standard","has-post-thumbnail","hentry","category-economia"],"jetpack_publicize_connections":[],"jetpack_featured_media_url":"https:\/\/i0.wp.com\/politicosaldesnudo.com.mx\/wp-content\/uploads\/2026\/03\/DUGO.jpg?fit=1200%2C801&ssl=1","jetpack-related-posts":[],"jetpack_sharing_enabled":true,"_links":{"self":[{"href":"https:\/\/politicosaldesnudo.com.mx\/index.php\/wp-json\/wp\/v2\/posts\/81608","targetHints":{"allow":["GET"]}}],"collection":[{"href":"https:\/\/politicosaldesnudo.com.mx\/index.php\/wp-json\/wp\/v2\/posts"}],"about":[{"href":"https:\/\/politicosaldesnudo.com.mx\/index.php\/wp-json\/wp\/v2\/types\/post"}],"author":[{"embeddable":true,"href":"https:\/\/politicosaldesnudo.com.mx\/index.php\/wp-json\/wp\/v2\/users\/4"}],"replies":[{"embeddable":true,"href":"https:\/\/politicosaldesnudo.com.mx\/index.php\/wp-json\/wp\/v2\/comments?post=81608"}],"version-history":[{"count":0,"href":"https:\/\/politicosaldesnudo.com.mx\/index.php\/wp-json\/wp\/v2\/posts\/81608\/revisions"}],"wp:featuredmedia":[{"embeddable":true,"href":"https:\/\/politicosaldesnudo.com.mx\/index.php\/wp-json\/wp\/v2\/media\/81609"}],"wp:attachment":[{"href":"https:\/\/politicosaldesnudo.com.mx\/index.php\/wp-json\/wp\/v2\/media?parent=81608"}],"wp:term":[{"taxonomy":"category","embeddable":true,"href":"https:\/\/politicosaldesnudo.com.mx\/index.php\/wp-json\/wp\/v2\/categories?post=81608"},{"taxonomy":"post_tag","embeddable":true,"href":"https:\/\/politicosaldesnudo.com.mx\/index.php\/wp-json\/wp\/v2\/tags?post=81608"}],"curies":[{"name":"wp","href":"https:\/\/api.w.org\/{rel}","templated":true}]}}