{"id":81614,"date":"2026-03-17T00:11:00","date_gmt":"2026-03-17T06:11:00","guid":{"rendered":"https:\/\/politicosaldesnudo.com.mx\/?p=81614"},"modified":"2026-03-16T21:47:07","modified_gmt":"2026-03-17T03:47:07","slug":"china-y-eu-evaluan-crear-mecanismo-para-definir-productos-de-comercio-bilateral","status":"publish","type":"post","link":"https:\/\/politicosaldesnudo.com.mx\/index.php\/2026\/03\/17\/china-y-eu-evaluan-crear-mecanismo-para-definir-productos-de-comercio-bilateral\/","title":{"rendered":"China y EU eval\u00faan crear mecanismo para definir productos de comercio bilateral"},"content":{"rendered":"<p class=\"nota-justify\">El representante comercial de EU, Jamieson Greer, anunci\u00f3 la posible creaci\u00f3n de un mecanismo comercial entre Washington y Pek\u00edn destinado a especificar qu\u00e9 productos deben importarse y exportarse entre ambos pa\u00edses.<\/p>\n<p class=\"nota-justify\">\u00abHablamos de la posibilidad de contar incluso con un mecanismo entre EU y China, casi como lo que podr\u00edamos llamar una \u00abJunta de Comercio EU-China\u00bb, simplemente como una forma de formalizar un poco las cosas, identificando qu\u00e9 tipo de productos deber\u00edamos importar y qu\u00e9 tipo de productos deber\u00edamos exportar a China, para asegurarnos realmente de que podamos centrarnos en \u00e1reas de beneficio mutuo\u00bb, dijo el funcionario a los periodistas.<\/p>\n<p class=\"nota-justify\">M\u00e1s temprano, el viceministro de Comercio chino, Li Chenggang, afirm\u00f3 que su pa\u00eds y EU hab\u00edan alcanzado un consenso preliminar sobre varias cuestiones durante las conversaciones mantenidas en Par\u00eds.<\/p>\n<p class=\"nota-justify\">Por su parte, la secretaria de prensa de la Casa Blanca, Karoline Leavitt, afirm\u00f3 que la visita prevista de Donald Trump a China podr\u00eda aplazarse debido a la operaci\u00f3n militar contra Ir\u00e1n, aunque aclar\u00f3 que no se contempla su cancelaci\u00f3n.<\/p>\n<p class=\"nota-justify\">A fines de 2025, EU y China estabilizaron su relaci\u00f3n tras la escalada arancelaria de inicios de a\u00f1o.<\/p>\n<p class=\"nota-justify\">El giro lleg\u00f3 el 5 de noviembre, cuando Trump y Xi Jiping acordaron en Se\u00fal suspender controles chinos a tierras raras y eliminar aranceles de represalia, adem\u00e1s de ampliar compras chinas de soja estadunidense hasta 2028.<\/p>\n","protected":false},"excerpt":{"rendered":"<p>El representante comercial de EU, Jamieson Greer, anunci\u00f3 la posible creaci\u00f3n de un mecanismo comercial entre Washington y Pek\u00edn destinado<\/p>\n","protected":false},"author":4,"featured_media":81615,"comment_status":"closed","ping_status":"closed","sticky":false,"template":"","format":"standard","meta":{"colormag_page_container_layout":"default_layout","colormag_page_sidebar_layout":"default_layout","_jetpack_memberships_contains_paid_content":false,"footnotes":"","jetpack_publicize_message":"","jetpack_publicize_feature_enabled":true,"jetpack_social_post_already_shared":true,"jetpack_social_options":{"image_generator_settings":{"template":"highway","default_image_id":0,"font":"","enabled":false},"version":2}},"categories":[2050],"tags":[],"class_list":["post-81614","post","type-post","status-publish","format-standard","has-post-thumbnail","hentry","category-economia"],"jetpack_publicize_connections":[],"jetpack_featured_media_url":"https:\/\/i0.wp.com\/politicosaldesnudo.com.mx\/wp-content\/uploads\/2026\/03\/AMAR.jpg?fit=1200%2C801&ssl=1","jetpack-related-posts":[],"jetpack_sharing_enabled":true,"_links":{"self":[{"href":"https:\/\/politicosaldesnudo.com.mx\/index.php\/wp-json\/wp\/v2\/posts\/81614","targetHints":{"allow":["GET"]}}],"collection":[{"href":"https:\/\/politicosaldesnudo.com.mx\/index.php\/wp-json\/wp\/v2\/posts"}],"about":[{"href":"https:\/\/politicosaldesnudo.com.mx\/index.php\/wp-json\/wp\/v2\/types\/post"}],"author":[{"embeddable":true,"href":"https:\/\/politicosaldesnudo.com.mx\/index.php\/wp-json\/wp\/v2\/users\/4"}],"replies":[{"embeddable":true,"href":"https:\/\/politicosaldesnudo.com.mx\/index.php\/wp-json\/wp\/v2\/comments?post=81614"}],"version-history":[{"count":0,"href":"https:\/\/politicosaldesnudo.com.mx\/index.php\/wp-json\/wp\/v2\/posts\/81614\/revisions"}],"wp:featuredmedia":[{"embeddable":true,"href":"https:\/\/politicosaldesnudo.com.mx\/index.php\/wp-json\/wp\/v2\/media\/81615"}],"wp:attachment":[{"href":"https:\/\/politicosaldesnudo.com.mx\/index.php\/wp-json\/wp\/v2\/media?parent=81614"}],"wp:term":[{"taxonomy":"category","embeddable":true,"href":"https:\/\/politicosaldesnudo.com.mx\/index.php\/wp-json\/wp\/v2\/categories?post=81614"},{"taxonomy":"post_tag","embeddable":true,"href":"https:\/\/politicosaldesnudo.com.mx\/index.php\/wp-json\/wp\/v2\/tags?post=81614"}],"curies":[{"name":"wp","href":"https:\/\/api.w.org\/{rel}","templated":true}]}}