{"id":81617,"date":"2026-03-17T00:12:34","date_gmt":"2026-03-17T06:12:34","guid":{"rendered":"https:\/\/politicosaldesnudo.com.mx\/?p=81617"},"modified":"2026-03-16T21:49:04","modified_gmt":"2026-03-17T03:49:04","slug":"propondra-mexico-permanencia-del-t-mec-y-eliminacion-de-aranceles-en-primera-negociacion-con-eu","status":"publish","type":"post","link":"https:\/\/politicosaldesnudo.com.mx\/index.php\/2026\/03\/17\/propondra-mexico-permanencia-del-t-mec-y-eliminacion-de-aranceles-en-primera-negociacion-con-eu\/","title":{"rendered":"Propondr\u00e1 M\u00e9xico permanencia del T-MEC y eliminaci\u00f3n de aranceles en primera negociaci\u00f3n con EU"},"content":{"rendered":"<p class=\"nota-justify\">M\u00e9xico propondr\u00e1 la permanencia del Tratado entre M\u00e9xico, Estados Unidos y Canad\u00e1 (T-MEC), y la eliminaci\u00f3n de aranceles en la primera ronda de negociaci\u00f3n con Estados Unidos, respecto a este acuerdo, la cual se realizar\u00e1 el pr\u00f3ximo mi\u00e9rcoles, inform\u00f3 Marcelo Ebrard, secretario de Econom\u00eda en su cuenta de X.<\/p>\n<p class=\"nota-justify\">\u201cPlan aprobado por la presidenta Sheinbaum rumbo a la revisi\u00f3n del T-MEC: martes habr\u00e1 reuni\u00f3n previa v\u00eda Zoom, mi\u00e9rcoles tendr\u00e1 lugar la primera ronda de conversaciones con EU. M\u00e9xico propondr\u00e1 la permanencia del T-MEC y la eliminaci\u00f3n de aranceles. Cabeza fr\u00eda y firmeza nos guiar\u00e1n\u201d, difundi\u00f3 el funcionario, quien la semana pasada inform\u00f3 que el 16 de marzo iniciar\u00eda la primera ronda de negociaciones entre M\u00e9xico y Estados Unidos.<\/p>\n<p class=\"nota-justify\" dir=\"ltr\">Incluso, el pasado viernes, Ebrard se reuni\u00f3 con representantes del sector empresarial para abordar la situaci\u00f3n de las distintas industrias.<\/p>\n<p class=\"nota-justify\" dir=\"ltr\">El pasado 9 de marzo, en la presentaci\u00f3n de los resultados de la Consulta P\u00fablica para la revisi\u00f3n del T-MEC, Ebrard destac\u00f3 que los 30 sectores de la econom\u00eda con los que se celebraron mesas t\u00e9cnicas relacionadas al T-MEC, pidieron que no haya medidas unilaterales, que no haya aranceles fuera de lo que est\u00e1 previsto en el propio tratado y avanzar a una visi\u00f3n com\u00fan que compita con otros pa\u00edses de Asia.<\/p>\n<p class=\"nota-justify\" dir=\"ltr\">A su vez, el pasado 12 de marzo, Ebrard destac\u00f3 que M\u00e9xico y Canad\u00e1 reafirmaron su inter\u00e9s en mantener el car\u00e1cter trilateral del T-MEC y fortalecer su relaci\u00f3n econ\u00f3mica en Am\u00e9rica del Norte.<\/p>\n<p class=\"nota-justify\" dir=\"ltr\">En ese contexto, el gobierno federal anunci\u00f3 que los pr\u00f3ximos 7, 8 y 9 de mayo se realizar\u00e1 la \u201cMisi\u00f3n Comercial de M\u00e9xico a Canad\u00e1\u201d, un esfuerzo que buscar\u00e1 ampliar los v\u00ednculos comerciales, de inversi\u00f3n y de cooperaci\u00f3n empresarial entre ambos pa\u00edses.<\/p>\n","protected":false},"excerpt":{"rendered":"<p>M\u00e9xico propondr\u00e1 la permanencia del Tratado entre M\u00e9xico, Estados Unidos y Canad\u00e1 (T-MEC), y la eliminaci\u00f3n de aranceles en la<\/p>\n","protected":false},"author":4,"featured_media":81618,"comment_status":"closed","ping_status":"closed","sticky":false,"template":"","format":"standard","meta":{"colormag_page_container_layout":"default_layout","colormag_page_sidebar_layout":"default_layout","_jetpack_memberships_contains_paid_content":false,"footnotes":"","jetpack_publicize_message":"","jetpack_publicize_feature_enabled":true,"jetpack_social_post_already_shared":true,"jetpack_social_options":{"image_generator_settings":{"template":"highway","default_image_id":0,"font":"","enabled":false},"version":2}},"categories":[2050],"tags":[],"class_list":["post-81617","post","type-post","status-publish","format-standard","has-post-thumbnail","hentry","category-economia"],"jetpack_publicize_connections":[],"jetpack_featured_media_url":"https:\/\/i0.wp.com\/politicosaldesnudo.com.mx\/wp-content\/uploads\/2026\/03\/AMEX.jpg?fit=1200%2C741&ssl=1","jetpack-related-posts":[],"jetpack_sharing_enabled":true,"_links":{"self":[{"href":"https:\/\/politicosaldesnudo.com.mx\/index.php\/wp-json\/wp\/v2\/posts\/81617","targetHints":{"allow":["GET"]}}],"collection":[{"href":"https:\/\/politicosaldesnudo.com.mx\/index.php\/wp-json\/wp\/v2\/posts"}],"about":[{"href":"https:\/\/politicosaldesnudo.com.mx\/index.php\/wp-json\/wp\/v2\/types\/post"}],"author":[{"embeddable":true,"href":"https:\/\/politicosaldesnudo.com.mx\/index.php\/wp-json\/wp\/v2\/users\/4"}],"replies":[{"embeddable":true,"href":"https:\/\/politicosaldesnudo.com.mx\/index.php\/wp-json\/wp\/v2\/comments?post=81617"}],"version-history":[{"count":0,"href":"https:\/\/politicosaldesnudo.com.mx\/index.php\/wp-json\/wp\/v2\/posts\/81617\/revisions"}],"wp:featuredmedia":[{"embeddable":true,"href":"https:\/\/politicosaldesnudo.com.mx\/index.php\/wp-json\/wp\/v2\/media\/81618"}],"wp:attachment":[{"href":"https:\/\/politicosaldesnudo.com.mx\/index.php\/wp-json\/wp\/v2\/media?parent=81617"}],"wp:term":[{"taxonomy":"category","embeddable":true,"href":"https:\/\/politicosaldesnudo.com.mx\/index.php\/wp-json\/wp\/v2\/categories?post=81617"},{"taxonomy":"post_tag","embeddable":true,"href":"https:\/\/politicosaldesnudo.com.mx\/index.php\/wp-json\/wp\/v2\/tags?post=81617"}],"curies":[{"name":"wp","href":"https:\/\/api.w.org\/{rel}","templated":true}]}}