{"id":81632,"date":"2026-03-17T00:17:51","date_gmt":"2026-03-17T06:17:51","guid":{"rendered":"https:\/\/politicosaldesnudo.com.mx\/?p=81632"},"modified":"2026-03-16T21:58:11","modified_gmt":"2026-03-17T03:58:11","slug":"cristina-fernandez-acusa-circo-judicial-y-mediatico-tras-citacion-a-declarar","status":"publish","type":"post","link":"https:\/\/politicosaldesnudo.com.mx\/index.php\/2026\/03\/17\/cristina-fernandez-acusa-circo-judicial-y-mediatico-tras-citacion-a-declarar\/","title":{"rendered":"Cristina Fern\u00e1ndez acusa \u201ccirco judicial y medi\u00e1tico\u201d tras citaci\u00f3n a declarar"},"content":{"rendered":"<p class=\"nota-justify\">\u201cCuando el Poder Ejecutivo no le da pan y trabajo al Pueblo\u2026 el Partido Judicial y los medios Hegem\u00f3nicos le dan circo\u2026 No falla\u201d, escribi\u00f3 la ex presidenta Cristina Fern\u00e1ndez de Kirchner en sus redes sociales al referirse a la citaci\u00f3n a declarar en \u201cforma presencial\u201d este martes ante la justicia cuando hasta ahora el proceso en su contra se desarrollaba en forma virtual.<\/p>\n<p class=\"nota-justify\">Adem\u00e1s de referirse al esc\u00e1ndalo pol\u00edtico derivado de la implicaci\u00f3n del presidente ultraderechista Javier Milei y su hermana Karina Milei con la causa de la estafa de la Cripto moneda $LIBRA, de febrero de 2025, Fern\u00e1ndez de Kirchner denunci\u00f3 la dram\u00e1tica situaci\u00f3n pol\u00edtica econ\u00f3mica y social por la que atraviesa el pa\u00eds.<\/p>\n<p class=\"nota-justify\">Atribuy\u00f3 a las \u201cnecesidades medi\u00e1ticas\u201d del gobierno la orden de que asistiera \u201cpresencialmente\u201d a los tribunales, ya que cuenta con la abierta complicidad de la mayor\u00eda de los medios masivos de comunicaci\u00f3n, encabezados por el grupo\u00a0<i>Clar\u00edn\u00a0<\/i>y el diario\u00a0<i>La Naci\u00f3n.<\/i><\/p>\n<p class=\"nota-justify\">\u201cLa foto que se puede capturar desde la pantalla con caras \u2018en cuadraditos\u2019 no da para tapa (portada) de diario ni videitos en la tele\u2026 y como ya se sabe\u2026el show debe continuar\u201d, escribi\u00f3 la ex mandataria, quien despu\u00e9s de su condena de los presuntos sobornos en obras p\u00fablicas, cerrada por falta de pruebas y abierta nuevamente, ahora se busca condenarla por la llamada causa de \u201clos cuadernos\u201d, que jam\u00e1s hubiera pasado a tribunales en ning\u00fan pa\u00eds del mundo, por sus caracter\u00edsticas, irregularidades y sin f\u00f3rmula probatoria alguna.<\/p>\n<p class=\"nota-justify\">Defini\u00f3 adem\u00e1s el dram\u00e1tico momento que vive el pa\u00eds: \u201cf\u00e1bricas cerradas o tomadas y obreros despedidos; locales sin alquilar y negocios vac\u00edos; inflaci\u00f3n superior a los dos puntos desde hace meses (pese a transitar desde hace m\u00e1s de dos a\u00f1os el ajuste econ\u00f3mico m\u00e1s brutal que se recuerde); salarios en ca\u00edda libre; familias endeudadas y moras bancarias que no se ve\u00edan desde el final de la convertibilidad; comer carne\u2026 un lujo y cada vez m\u00e1s gente en situaci\u00f3n de calle\u201d.<\/p>\n<p class=\"nota-justify\">Se\u00f1al\u00f3 que \u201clo que tampoco van a poder ocultar (\u2026) son las pruebas de lo que fue la estafa de LIBRA por la que Milei, autor de la c\u00e9lebre frase \u2018la moral como pol\u00edtica de Estado\u2019, habr\u00eda pactado la m\u00f3dica suma de\u2026 cinco millones de d\u00f3lares\u00bb.<\/p>\n<p class=\"nota-justify\">Por otra parte adem\u00e1s de las denuncias que se presentaron este domingo sobre el tema actualizado del caso de la gran estafa de la criptomoneda, la Comisi\u00f3n Investigadora de la C\u00e1mara de Diputados confirm\u00f3 este lunes, que avanzar\u00e1 con una denuncia ante el tribunal de disciplina contra el fiscal que investiga esta causa, Eduardo Taiano, y pedir\u00e1n la presencia en el Congreso de Milei, la secretaria general de la Presidencia, su hermana Karina, y otros funcionarios.<\/p>\n<p class=\"nota-justify\">Las denuncias penales pueden llevar a la presentaci\u00f3n de pedido de destituci\u00f3n presidencial.<\/p>\n<p class=\"nota-justify\">Las miradas tambi\u00e9n estar\u00e1n puestas este martes en el la conmemoraci\u00f3n de la explisi\u00f3n en la embajada de Israel, el 17 de marzo de 1992, que dej\u00f3 29 muertos y que de inmediato la inteligencia israel\u00ed Mossad y Estados Unidos atribuyeron a la organizaci\u00f3n libanesa Hezbollah, sin que hasta ahora haya ning\u00fan imputado.<\/p>\n<p class=\"nota-justify\">Hasta ahora nadie especific\u00f3 por qu\u00e9 raz\u00f3n Hezbollah actu\u00f3 tan lejos de su pa\u00eds. Expertos de la Facultad de Ingenier\u00eda atribuyeron a una implosi\u00f3n lo sucedido en la embajada pero esto no fue aceptado a pesar de las pruebas presentadas . Milei y sus funcionarios ratificar\u00e1n su apoyo a Israel en este caso y tambi\u00e9n en la guerra contra Ir\u00e1n, que ha colocado al mundo en una severa crisis, y al borde de una guerra nuclear.<\/p>\n","protected":false},"excerpt":{"rendered":"<p>\u201cCuando el Poder Ejecutivo no le da pan y trabajo al Pueblo\u2026 el Partido Judicial y los medios Hegem\u00f3nicos le<\/p>\n","protected":false},"author":4,"featured_media":81633,"comment_status":"closed","ping_status":"closed","sticky":false,"template":"","format":"standard","meta":{"colormag_page_container_layout":"default_layout","colormag_page_sidebar_layout":"default_layout","_jetpack_memberships_contains_paid_content":false,"footnotes":"","jetpack_publicize_message":"","jetpack_publicize_feature_enabled":true,"jetpack_social_post_already_shared":true,"jetpack_social_options":{"image_generator_settings":{"template":"highway","default_image_id":0,"font":"","enabled":false},"version":2}},"categories":[28],"tags":[],"class_list":["post-81632","post","type-post","status-publish","format-standard","has-post-thumbnail","hentry","category-internacional"],"jetpack_publicize_connections":[],"jetpack_featured_media_url":"https:\/\/i0.wp.com\/politicosaldesnudo.com.mx\/wp-content\/uploads\/2026\/03\/CRI.jpg?fit=1200%2C799&ssl=1","jetpack-related-posts":[],"jetpack_sharing_enabled":true,"_links":{"self":[{"href":"https:\/\/politicosaldesnudo.com.mx\/index.php\/wp-json\/wp\/v2\/posts\/81632","targetHints":{"allow":["GET"]}}],"collection":[{"href":"https:\/\/politicosaldesnudo.com.mx\/index.php\/wp-json\/wp\/v2\/posts"}],"about":[{"href":"https:\/\/politicosaldesnudo.com.mx\/index.php\/wp-json\/wp\/v2\/types\/post"}],"author":[{"embeddable":true,"href":"https:\/\/politicosaldesnudo.com.mx\/index.php\/wp-json\/wp\/v2\/users\/4"}],"replies":[{"embeddable":true,"href":"https:\/\/politicosaldesnudo.com.mx\/index.php\/wp-json\/wp\/v2\/comments?post=81632"}],"version-history":[{"count":0,"href":"https:\/\/politicosaldesnudo.com.mx\/index.php\/wp-json\/wp\/v2\/posts\/81632\/revisions"}],"wp:featuredmedia":[{"embeddable":true,"href":"https:\/\/politicosaldesnudo.com.mx\/index.php\/wp-json\/wp\/v2\/media\/81633"}],"wp:attachment":[{"href":"https:\/\/politicosaldesnudo.com.mx\/index.php\/wp-json\/wp\/v2\/media?parent=81632"}],"wp:term":[{"taxonomy":"category","embeddable":true,"href":"https:\/\/politicosaldesnudo.com.mx\/index.php\/wp-json\/wp\/v2\/categories?post=81632"},{"taxonomy":"post_tag","embeddable":true,"href":"https:\/\/politicosaldesnudo.com.mx\/index.php\/wp-json\/wp\/v2\/tags?post=81632"}],"curies":[{"name":"wp","href":"https:\/\/api.w.org\/{rel}","templated":true}]}}