{"id":81638,"date":"2026-03-17T00:19:49","date_gmt":"2026-03-17T06:19:49","guid":{"rendered":"https:\/\/politicosaldesnudo.com.mx\/?p=81638"},"modified":"2026-03-16T22:01:57","modified_gmt":"2026-03-17T04:01:57","slug":"kast-lanza-plan-para-colocar-barreras-en-fronteras-de-chile-con-peru-y-bolivia","status":"publish","type":"post","link":"https:\/\/politicosaldesnudo.com.mx\/index.php\/2026\/03\/17\/kast-lanza-plan-para-colocar-barreras-en-fronteras-de-chile-con-peru-y-bolivia\/","title":{"rendered":"Kast lanza plan para colocar barreras en fronteras de Chile con Per\u00fa y Bolivia"},"content":{"rendered":"<p class=\"nota-justify\" lang=\"es-CL\">Jos\u00e9 Antonio Kast, el ultraderechista presidente de Chile que promete clausurar las fronteras al ingreso clandestino de migrantes, mediante zanjas, muros y obst\u00e1culos f\u00edsicos, lanz\u00f3 hoy en el norte del pa\u00eds, en el l\u00edmite con Per\u00fa y Bolivia, su plan \u201cEscudo fronterizo\u201d.<\/p>\n<p class=\"nota-justify\" lang=\"es-CL\">Chile y Per\u00fa comparten un l\u00edmite de unos 180 kil\u00f3metros de extensi\u00f3n, mientras que con Bolivia son casi 900 kil\u00f3metros, que son f\u00e1cilmente vulnerables por pasos clandestinos, a pesar de la presencia policial y militar.<\/p>\n<p class=\"nota-justify\" lang=\"es-CL\">No se han precisado detalles respecto de qu\u00e9 sectores o tramos de aquellas ser\u00e1n bloqueados, seg\u00fan se afirma, con una trinchera de tres metros de profundidad y un pretil o muralla de otros tres metros de altura, m\u00e1s escollos adicionales que se instalar\u00edan, estructuras cuyas edificaci\u00f3n estar\u00e1 a cargo del ej\u00e9rcito.<\/p>\n<p class=\"nota-justify\" lang=\"es-CL\">Desde la ciudad de Arica, distante dos mil 200 kil\u00f3metros de la capital, dijo que \u201chemos tomado decisiones claras y concretas de cerrar nuestra frontera a la inmigraci\u00f3n ilegal, al narcotr\u00e1fico, al crimen organizado, como lo fuimos se\u00f1alando durante los meses anteriores; y hoy lo queremos concretar sin pausa alguna.<\/p>\n<p class=\"nota-justify\" lang=\"es-CL\">Esa fue probablemente su principal promesa de campa\u00f1a, adem\u00e1s de que expulsar\u00e1 a unos 330 mil migrantes que permanecen aqu\u00ed ilegalmente, aunque tambi\u00e9n ha dicho que los \u201cinvitar\u00e1 a irse\u201d.<\/p>\n<p class=\"nota-justify\" lang=\"es-CL\">Tambi\u00e9n argument\u00f3 que los pa\u00edses lim\u00edtrofes deber\u00e1n adoptar acciones similares, porque \u00abeste flagelo no solamente afecta a nuestra naci\u00f3n, sino que es algo que trasciende las fronteras y en esto tenemos que estar unidos, porque lo que nosotros hagamos ac\u00e1, tiene que tambi\u00e9n despu\u00e9s realizarse en Bolivia, en Per\u00fa, en Argentina\u00bb.<\/p>\n<p class=\"nota-justify\" lang=\"es-CL\">El ministro del Interior, Claudio Alvarado, detall\u00f3 que el objetivo es \u201cllegar a una longitud importante de construcci\u00f3n de zanjas\u00bb, y que \u201cen los pr\u00f3ximos 90 d\u00edas esperamos visualizar resultados de este trabajo de control fronterizo\u201d.<\/p>\n<p class=\"nota-justify\" lang=\"es-CL\">Estim\u00f3 que hay unos 90 pasos fronterizos no habilitados sobre los que paulatinamente se espera tomar control.<\/p>\n","protected":false},"excerpt":{"rendered":"<p>Jos\u00e9 Antonio Kast, el ultraderechista presidente de Chile que promete clausurar las fronteras al ingreso clandestino de migrantes, mediante zanjas,<\/p>\n","protected":false},"author":4,"featured_media":81639,"comment_status":"closed","ping_status":"closed","sticky":false,"template":"","format":"standard","meta":{"colormag_page_container_layout":"default_layout","colormag_page_sidebar_layout":"default_layout","_jetpack_memberships_contains_paid_content":false,"footnotes":"","jetpack_publicize_message":"","jetpack_publicize_feature_enabled":true,"jetpack_social_post_already_shared":true,"jetpack_social_options":{"image_generator_settings":{"template":"highway","default_image_id":0,"font":"","enabled":false},"version":2}},"categories":[28],"tags":[],"class_list":["post-81638","post","type-post","status-publish","format-standard","has-post-thumbnail","hentry","category-internacional"],"jetpack_publicize_connections":[],"jetpack_featured_media_url":"https:\/\/i0.wp.com\/politicosaldesnudo.com.mx\/wp-content\/uploads\/2026\/03\/CHILLO.jpg?fit=1200%2C800&ssl=1","jetpack-related-posts":[],"jetpack_sharing_enabled":true,"_links":{"self":[{"href":"https:\/\/politicosaldesnudo.com.mx\/index.php\/wp-json\/wp\/v2\/posts\/81638","targetHints":{"allow":["GET"]}}],"collection":[{"href":"https:\/\/politicosaldesnudo.com.mx\/index.php\/wp-json\/wp\/v2\/posts"}],"about":[{"href":"https:\/\/politicosaldesnudo.com.mx\/index.php\/wp-json\/wp\/v2\/types\/post"}],"author":[{"embeddable":true,"href":"https:\/\/politicosaldesnudo.com.mx\/index.php\/wp-json\/wp\/v2\/users\/4"}],"replies":[{"embeddable":true,"href":"https:\/\/politicosaldesnudo.com.mx\/index.php\/wp-json\/wp\/v2\/comments?post=81638"}],"version-history":[{"count":0,"href":"https:\/\/politicosaldesnudo.com.mx\/index.php\/wp-json\/wp\/v2\/posts\/81638\/revisions"}],"wp:featuredmedia":[{"embeddable":true,"href":"https:\/\/politicosaldesnudo.com.mx\/index.php\/wp-json\/wp\/v2\/media\/81639"}],"wp:attachment":[{"href":"https:\/\/politicosaldesnudo.com.mx\/index.php\/wp-json\/wp\/v2\/media?parent=81638"}],"wp:term":[{"taxonomy":"category","embeddable":true,"href":"https:\/\/politicosaldesnudo.com.mx\/index.php\/wp-json\/wp\/v2\/categories?post=81638"},{"taxonomy":"post_tag","embeddable":true,"href":"https:\/\/politicosaldesnudo.com.mx\/index.php\/wp-json\/wp\/v2\/tags?post=81638"}],"curies":[{"name":"wp","href":"https:\/\/api.w.org\/{rel}","templated":true}]}}