{"id":8165,"date":"2022-07-23T16:42:40","date_gmt":"2022-07-23T21:42:40","guid":{"rendered":"https:\/\/politicosaldesnudo.com.mx\/?p=8165"},"modified":"2022-07-25T02:26:19","modified_gmt":"2022-07-25T07:26:19","slug":"gutierrez-luna-encabeza-entrega-del-doctorado-honoris-causa-al-periodista-jose-pablo-robles","status":"publish","type":"post","link":"https:\/\/politicosaldesnudo.com.mx\/index.php\/2022\/07\/23\/gutierrez-luna-encabeza-entrega-del-doctorado-honoris-causa-al-periodista-jose-pablo-robles\/","title":{"rendered":"Guti\u00e9rrez Luna encabeza entrega del Doctorado Honoris Causa al periodista Jos\u00e9 Pablo Robles"},"content":{"rendered":"<p class=\"p1\"><span style=\"font-size: 14pt;\"><em><strong>CIUDAD DE M\u00c9XICO.<\/strong> <\/em>El <strong>presidente de la Mesa Directiva de la C\u00e1mara de Diputados de la LXV Legislatura<\/strong>,<strong> Sergio Guti\u00e9rrez Luna<\/strong>, y el Sr. <strong>\u00c1ngel \u00c1lvaro Pe\u00f1a<\/strong>,<strong> Asesor General del Club de Periodistas en Veracruz<\/strong>, entregaron este viernes la medalla dorada del <strong>Doctorado Honoris Causa<\/strong> -otorgado por el Centro Educativo Universitario Siglo XXI- al destacado periodista veracruzano, <strong>Jos\u00e9 Pablo Robles Mart\u00ednez<\/strong>, en un solemne acto realizado en el <strong>Club de Periodistas de la Ciudad de M\u00e9xico.<\/strong><\/span><\/p>\n<p class=\"p1\"><span style=\"font-size: 18pt;\"><strong>El diputado federal encabez\u00f3 las ceremonias de reconocimiento al periodista fundador del Corporativo Imagen del Golfo, Imagen de Veracruz y Diario del Istmo de Coatzacoalcos.<\/strong><\/span><\/p>\n<p class=\"p1\"><span style=\"font-size: 14pt;\">Por sus m\u00e1s de 50 a\u00f1os de trayectoria period\u00edstica, m\u00e9ritos profesionales y acad\u00e9micos, al ser un mexicano excepcional, Jos\u00e9 Pablo Robles Mart\u00ednez recibi\u00f3 el m\u00e1s alto grado honor\u00edfico otorgado por la Junta de Gobierno del Centro Educativo Universitario Siglo XXI.<\/span><\/p>\n<div style=\"width: 800px;\" class=\"wp-video\"><video class=\"wp-video-shortcode\" id=\"video-8165-1\" width=\"800\" height=\"450\" preload=\"metadata\" controls=\"controls\"><source type=\"video\/mp4\" src=\"https:\/\/politicosaldesnudo.com.mx\/wp-content\/uploads\/2022\/07\/RuPQuHHFzTjeLA8H.mp4?_=1\" \/><a href=\"https:\/\/politicosaldesnudo.com.mx\/wp-content\/uploads\/2022\/07\/RuPQuHHFzTjeLA8H.mp4\">https:\/\/politicosaldesnudo.com.mx\/wp-content\/uploads\/2022\/07\/RuPQuHHFzTjeLA8H.mp4<\/a><\/video><\/div>\n<p>&nbsp;<\/p>\n<p class=\"p1\"><span style=\"font-size: 18pt;\"><strong>El tambi\u00e9n empresario recibi\u00f3 esta tarde el Premio Mundial \u201cC\u00e9sar Vallejo 2022\u201d a la Excelencia Period\u00edstica, nominado por las organizaciones Alianza Global de la Uni\u00f3n Hispanomundial de Escritores de Lima, Per\u00fa y del organismo Mil Mentes Por M\u00e9xico Internacional.<\/strong><\/span><\/p>\n<p class=\"p1\"><span style=\"font-size: 14pt;\">Robles Mart\u00ednez ha ganado tres veces el Premio Nacional de Periodismo, por su participaci\u00f3n como corresponsal de guerra, como columnista, cronista y como formador de varias generaciones de reporteros, al dedicar parte de su tiempo como catedr\u00e1tico de periodismo en la Universidad Nacional Aut\u00f3noma de M\u00e9xico.<\/span><\/p>\n<blockquote>\n<p class=\"p1\"><span style=\"font-size: 14pt;\">Reciba usted esta medalla dorada cerca de su coraz\u00f3n como su atributo a sus m\u00e9ritos intelectuales\u201d, expres\u00f3 el legislador Guti\u00e9rrez Luna al investir al galardonado, ante las autoridades educativas y periodistas.<\/span><\/p>\n<\/blockquote>\n<p class=\"p1\"><span style=\"font-size: 18pt;\"><strong>Con la entrega del Premio Mundial \u201cC\u00e9sar Vallejo 2022\u201d a la Excelencia Period\u00edstica y del Doctorado Honoris Causa a Jos\u00e9 Pablo Robles Mart\u00ednez, \u201cse honra a quien se ha convertido en referencia ejemplar de entrega plena a una profesi\u00f3n, hasta hacer de ella una causa\u201d, manifest\u00f3 el diputado.<\/strong><\/span><\/p>\n<p>&nbsp;<\/p>\n<p>&nbsp;<\/p>\n<p>&nbsp;<\/p>\n<p>&nbsp;<\/p>\n","protected":false},"excerpt":{"rendered":"<p>CIUDAD DE M\u00c9XICO. El presidente de la Mesa Directiva de la C\u00e1mara de Diputados de la LXV Legislatura, Sergio Guti\u00e9rrez<\/p>\n","protected":false},"author":4,"featured_media":8113,"comment_status":"closed","ping_status":"closed","sticky":false,"template":"","format":"standard","meta":{"colormag_page_container_layout":"default_layout","colormag_page_sidebar_layout":"default_layout","_jetpack_memberships_contains_paid_content":false,"footnotes":"","jetpack_publicize_message":"","jetpack_publicize_feature_enabled":true,"jetpack_social_post_already_shared":false,"jetpack_social_options":{"image_generator_settings":{"template":"highway","default_image_id":0,"font":"","enabled":false},"version":2}},"categories":[1],"tags":[1202,1203],"class_list":["post-8165","post","type-post","status-publish","format-standard","has-post-thumbnail","hentry","category-sin-categoria","tag-jose-pablo-robles","tag-sergio-gutierrez"],"jetpack_publicize_connections":[],"jetpack_featured_media_url":"https:\/\/i0.wp.com\/politicosaldesnudo.com.mx\/wp-content\/uploads\/2022\/07\/P-JOSE%CC%81ROBLES-HONORIS3.png?fit=1816%2C1016&ssl=1","jetpack-related-posts":[],"jetpack_sharing_enabled":true,"_links":{"self":[{"href":"https:\/\/politicosaldesnudo.com.mx\/index.php\/wp-json\/wp\/v2\/posts\/8165","targetHints":{"allow":["GET"]}}],"collection":[{"href":"https:\/\/politicosaldesnudo.com.mx\/index.php\/wp-json\/wp\/v2\/posts"}],"about":[{"href":"https:\/\/politicosaldesnudo.com.mx\/index.php\/wp-json\/wp\/v2\/types\/post"}],"author":[{"embeddable":true,"href":"https:\/\/politicosaldesnudo.com.mx\/index.php\/wp-json\/wp\/v2\/users\/4"}],"replies":[{"embeddable":true,"href":"https:\/\/politicosaldesnudo.com.mx\/index.php\/wp-json\/wp\/v2\/comments?post=8165"}],"version-history":[{"count":0,"href":"https:\/\/politicosaldesnudo.com.mx\/index.php\/wp-json\/wp\/v2\/posts\/8165\/revisions"}],"wp:featuredmedia":[{"embeddable":true,"href":"https:\/\/politicosaldesnudo.com.mx\/index.php\/wp-json\/wp\/v2\/media\/8113"}],"wp:attachment":[{"href":"https:\/\/politicosaldesnudo.com.mx\/index.php\/wp-json\/wp\/v2\/media?parent=8165"}],"wp:term":[{"taxonomy":"category","embeddable":true,"href":"https:\/\/politicosaldesnudo.com.mx\/index.php\/wp-json\/wp\/v2\/categories?post=8165"},{"taxonomy":"post_tag","embeddable":true,"href":"https:\/\/politicosaldesnudo.com.mx\/index.php\/wp-json\/wp\/v2\/tags?post=8165"}],"curies":[{"name":"wp","href":"https:\/\/api.w.org\/{rel}","templated":true}]}}